
{"id":91173,"date":"2020-11-09T23:14:33","date_gmt":"2020-11-10T02:14:33","guid":{"rendered":"https:\/\/www.sudoestehoje.com.br\/novoportal\/?p=91173"},"modified":"2020-11-10T00:06:38","modified_gmt":"2020-11-10T03:06:38","slug":"ibicui-justica-nega-liminar-e-mantem-pesquisa-eleitoral-seculus-bahia-noticias","status":"publish","type":"post","link":"https:\/\/www.sudoestehoje.com.br\/novoportal\/2020\/11\/09\/ibicui-justica-nega-liminar-e-mantem-pesquisa-eleitoral-seculus-bahia-noticias\/","title":{"rendered":"IBICU\u00cd: JUSTI\u00c7A NEGA LIMINAR E MANT\u00c9M PESQUISA ELEITORAL S\u00c9CULUS\/BAHIA NOT\u00cdCIAS"},"content":{"rendered":"<p><a href=\"https:\/\/www.sudoestehoje.com.br\/novoportal\/wp-content\/uploads\/2020\/11\/pesquisa-eleitoral.jpg\"><img loading=\"lazy\" decoding=\"async\" class=\"aligncenter size-medium wp-image-91176\" src=\"https:\/\/www.sudoestehoje.com.br\/novoportal\/wp-content\/uploads\/2020\/11\/pesquisa-eleitoral-500x303.jpg\" alt=\"\" width=\"500\" height=\"303\" srcset=\"https:\/\/www.sudoestehoje.com.br\/novoportal\/wp-content\/uploads\/2020\/11\/pesquisa-eleitoral-500x303.jpg 500w, https:\/\/www.sudoestehoje.com.br\/novoportal\/wp-content\/uploads\/2020\/11\/pesquisa-eleitoral-700x424.jpg 700w, https:\/\/www.sudoestehoje.com.br\/novoportal\/wp-content\/uploads\/2020\/11\/pesquisa-eleitoral.jpg 718w\" sizes=\"auto, (max-width: 500px) 100vw, 500px\" \/><\/a><\/p>\n<p>O juiz Wagner Ribeiro Rodrigues, da 146\u00aa Zona Eleitoral, <strong>negou pedido liminar<\/strong> requerido pela <strong>Coliga\u00e7\u00e3o Compromisso e Verdade<\/strong>, encabe\u00e7ada pelo candidato do partido PDT, da cidade de Ibicu\u00ed, e garantiu o direito de divulga\u00e7\u00e3o de pesquisa de inten\u00e7\u00e3o de votos realizada pelo <strong><em>Bahia Not\u00edcias\/S\u00e9culus.<\/em><\/strong><\/p>\n<p>\u00c0 justi\u00e7a eleitoral reconhece a validade da pesquisa e dos m\u00e9todos utilizados. O parecer do Minist\u00e9rio P\u00fablico ressaltou a regularidade e lisura da pesquisa realizada pelo instituto s\u00e9culus e contratada pelo Bahia not\u00edcias.<\/p>\n<p><a href=\"https:\/\/www.sudoestehoje.com.br\/novoportal\/wp-content\/uploads\/2020\/11\/indefiro.jpeg\"><img loading=\"lazy\" decoding=\"async\" class=\"aligncenter size-medium wp-image-91179\" src=\"https:\/\/www.sudoestehoje.com.br\/novoportal\/wp-content\/uploads\/2020\/11\/indefiro-500x89.jpeg\" alt=\"\" width=\"500\" height=\"89\" srcset=\"https:\/\/www.sudoestehoje.com.br\/novoportal\/wp-content\/uploads\/2020\/11\/indefiro-500x89.jpeg 500w, https:\/\/www.sudoestehoje.com.br\/novoportal\/wp-content\/uploads\/2020\/11\/indefiro-700x125.jpeg 700w, https:\/\/www.sudoestehoje.com.br\/novoportal\/wp-content\/uploads\/2020\/11\/indefiro-768x137.jpeg 768w, https:\/\/www.sudoestehoje.com.br\/novoportal\/wp-content\/uploads\/2020\/11\/indefiro.jpeg 1080w\" sizes=\"auto, (max-width: 500px) 100vw, 500px\" \/><\/a><\/p>\n<p><strong>DIVULGA\u00c7\u00c3O OCORRER\u00c1 NESTA TER\u00c7A<\/strong><\/p>\n<p>Diante da decis\u00e3o favor\u00e1vel da Justi\u00e7a Eleitoral, o instituto de pesquisa S\u00e9culus informou que a pesquisa foi devidamente registrada no TSE e que ser\u00e1 divulgada pelo site Bahia Not\u00edcias, nesta ter\u00e7a-feira (10). O <em>Sudoeste Hoje<\/em> tamb\u00e9m est\u00e1 autorizado a publicar os resultados da consulta, simultaneamente com o Bahia Not\u00edcias.<\/p>\n<p>A pesquisa foi registrada no Tribunal Regional Eleitoral &#8211; BA (TRE) sob n\u00famero BA-08335\/2020.<\/p>\n<p><strong><span style=\"color: #0000ff;\"><a style=\"color: #0000ff;\" href=\"https:\/\/www.sudoestehoje.com.br\/novoportal\/wp-content\/uploads\/2020\/11\/Decisa\u0303o2.pdf\">Decisa\u0303o judicial(2)<\/a><\/span><\/strong><\/p>\n<p><em><strong>Reda\u00e7\u00e3o SH<\/strong><\/em><\/p>\n","protected":false},"excerpt":{"rendered":"<p>O juiz Wagner Ribeiro Rodrigues, da 146\u00aa Zona Eleitoral, negou pedido liminar requerido pela Coliga\u00e7\u00e3o Compromisso e Verdade, encabe\u00e7ada pelo candidato do partido PDT, da cidade de Ibicu\u00ed, e garantiu o direito de divulga\u00e7\u00e3o de pesquisa de inten\u00e7\u00e3o de votos realizada pelo Bahia Not\u00edcias\/S\u00e9culus. \u00c0 justi\u00e7a eleitoral reconhece a validade da pesquisa e dos m\u00e9todos [&hellip;]<\/p>\n","protected":false},"author":2,"featured_media":91176,"comment_status":"open","ping_status":"open","sticky":false,"template":"","format":"standard","meta":{"footnotes":"","_links_to":"","_links_to_target":""},"categories":[1],"tags":[],"class_list":["post-91173","post","type-post","status-publish","format-standard","has-post-thumbnail","hentry","category-geral"],"views":1840,"_links":{"self":[{"href":"https:\/\/www.sudoestehoje.com.br\/novoportal\/wp-json\/wp\/v2\/posts\/91173","targetHints":{"allow":["GET"]}}],"collection":[{"href":"https:\/\/www.sudoestehoje.com.br\/novoportal\/wp-json\/wp\/v2\/posts"}],"about":[{"href":"https:\/\/www.sudoestehoje.com.br\/novoportal\/wp-json\/wp\/v2\/types\/post"}],"author":[{"embeddable":true,"href":"https:\/\/www.sudoestehoje.com.br\/novoportal\/wp-json\/wp\/v2\/users\/2"}],"replies":[{"embeddable":true,"href":"https:\/\/www.sudoestehoje.com.br\/novoportal\/wp-json\/wp\/v2\/comments?post=91173"}],"version-history":[{"count":10,"href":"https:\/\/www.sudoestehoje.com.br\/novoportal\/wp-json\/wp\/v2\/posts\/91173\/revisions"}],"predecessor-version":[{"id":91186,"href":"https:\/\/www.sudoestehoje.com.br\/novoportal\/wp-json\/wp\/v2\/posts\/91173\/revisions\/91186"}],"wp:featuredmedia":[{"embeddable":true,"href":"https:\/\/www.sudoestehoje.com.br\/novoportal\/wp-json\/wp\/v2\/media\/91176"}],"wp:attachment":[{"href":"https:\/\/www.sudoestehoje.com.br\/novoportal\/wp-json\/wp\/v2\/media?parent=91173"}],"wp:term":[{"taxonomy":"category","embeddable":true,"href":"https:\/\/www.sudoestehoje.com.br\/novoportal\/wp-json\/wp\/v2\/categories?post=91173"},{"taxonomy":"post_tag","embeddable":true,"href":"https:\/\/www.sudoestehoje.com.br\/novoportal\/wp-json\/wp\/v2\/tags?post=91173"}],"curies":[{"name":"wp","href":"https:\/\/api.w.org\/{rel}","templated":true}]}}