
{"id":9106,"date":"2011-09-27T22:36:19","date_gmt":"2011-09-28T01:36:19","guid":{"rendered":"http:\/\/www.sudoestehoje.com.br\/novoportal\/?p=9106"},"modified":"2011-09-27T22:36:19","modified_gmt":"2011-09-28T01:36:19","slug":"lelo-artista-de-itororo-quer-ganhar-o-mundo-com-sua-arte","status":"publish","type":"post","link":"https:\/\/www.sudoestehoje.com.br\/novoportal\/2011\/09\/27\/lelo-artista-de-itororo-quer-ganhar-o-mundo-com-sua-arte\/","title":{"rendered":"LELO, ARTISTA DE ITOROR\u00d3 QUER GANHAR O MUNDO COM SUA ARTE"},"content":{"rendered":"<p>O artista pl\u00e1stico e tatuador Lelo \u00e9 uma dessas gratas satisfa\u00e7\u00f5es que a gente tem quando v\u00ea empunhando um grafite ou um aer\u00f3grafo. S\u00e3o estas as t\u00e9cnicas que este rapaz de Itoror\u00f3, domina com grande maestria. Lelo tem seu est\u00fadio\/ateli\u00ea, localizado na Avenida Manoel Novais e acredita que ir\u00e1 estudar cada vez mais e intensificar suas pesquisas para amplia\u00e7\u00e3o de seus horizontes art\u00edsticos:<\/p>\n<p style=\"text-align: center;\"><img decoding=\"async\" class=\"aligncenter\" src=\"http:\/\/blogdasmazelas.com.br\/v1\/wp-content\/uploads\/2011\/09\/LELO-TATUAGENS-500x374.jpg\" alt=\"\" width=\"400\" \/><\/p>\n<p>&#8220;Vivo profissionalmente de fazer tatuagens que \u00e9 uma linguagem que toma conta do mundo. Ter o corpo humano como tela, como suporte, \u00e9 o modo mais visceral e original do contato humano&#8221;, disse Lelo. Esse \u00e9 mais um valor que a terra da Carne-de-Sol agrega ao seu celeiro de talentos. Lelo \u00e9 um artista com potencial. Parab\u00e9ns Lelinho!<\/p>\n<p><em><strong>Por Milton Marinho<\/strong><\/em><\/p>\n","protected":false},"excerpt":{"rendered":"<p>O artista pl\u00e1stico e tatuador Lelo \u00e9 uma dessas gratas satisfa\u00e7\u00f5es que a gente tem quando v\u00ea empunhando um grafite ou um aer\u00f3grafo. S\u00e3o estas as t\u00e9cnicas que este rapaz de Itoror\u00f3, domina com grande maestria. Lelo tem seu est\u00fadio\/ateli\u00ea, localizado na Avenida Manoel Novais e acredita que ir\u00e1 estudar cada vez mais e intensificar [&hellip;]<\/p>\n","protected":false},"author":2,"featured_media":0,"comment_status":"open","ping_status":"open","sticky":false,"template":"","format":"standard","meta":{"footnotes":"","_links_to":"","_links_to_target":""},"categories":[1],"tags":[],"class_list":["post-9106","post","type-post","status-publish","format-standard","hentry","category-geral"],"views":2024,"_links":{"self":[{"href":"https:\/\/www.sudoestehoje.com.br\/novoportal\/wp-json\/wp\/v2\/posts\/9106","targetHints":{"allow":["GET"]}}],"collection":[{"href":"https:\/\/www.sudoestehoje.com.br\/novoportal\/wp-json\/wp\/v2\/posts"}],"about":[{"href":"https:\/\/www.sudoestehoje.com.br\/novoportal\/wp-json\/wp\/v2\/types\/post"}],"author":[{"embeddable":true,"href":"https:\/\/www.sudoestehoje.com.br\/novoportal\/wp-json\/wp\/v2\/users\/2"}],"replies":[{"embeddable":true,"href":"https:\/\/www.sudoestehoje.com.br\/novoportal\/wp-json\/wp\/v2\/comments?post=9106"}],"version-history":[{"count":3,"href":"https:\/\/www.sudoestehoje.com.br\/novoportal\/wp-json\/wp\/v2\/posts\/9106\/revisions"}],"predecessor-version":[{"id":9109,"href":"https:\/\/www.sudoestehoje.com.br\/novoportal\/wp-json\/wp\/v2\/posts\/9106\/revisions\/9109"}],"wp:attachment":[{"href":"https:\/\/www.sudoestehoje.com.br\/novoportal\/wp-json\/wp\/v2\/media?parent=9106"}],"wp:term":[{"taxonomy":"category","embeddable":true,"href":"https:\/\/www.sudoestehoje.com.br\/novoportal\/wp-json\/wp\/v2\/categories?post=9106"},{"taxonomy":"post_tag","embeddable":true,"href":"https:\/\/www.sudoestehoje.com.br\/novoportal\/wp-json\/wp\/v2\/tags?post=9106"}],"curies":[{"name":"wp","href":"https:\/\/api.w.org\/{rel}","templated":true}]}}