
{"id":91049,"date":"2020-11-04T22:09:41","date_gmt":"2020-11-05T01:09:41","guid":{"rendered":"https:\/\/www.sudoestehoje.com.br\/novoportal\/?p=91049"},"modified":"2020-11-04T22:09:41","modified_gmt":"2020-11-05T01:09:41","slug":"itapetinga-helder-de-bandeira-e-forte-candidato-a-uma-vaga-na-camara","status":"publish","type":"post","link":"https:\/\/www.sudoestehoje.com.br\/novoportal\/2020\/11\/04\/itapetinga-helder-de-bandeira-e-forte-candidato-a-uma-vaga-na-camara\/","title":{"rendered":"ITAPETINGA: HELDER DE BANDEIRA \u00c9 FORTE CANDIDATO A UMA VAGA NA C\u00c2MARA"},"content":{"rendered":"<p><a href=\"https:\/\/www.sudoestehoje.com.br\/novoportal\/wp-content\/uploads\/2020\/11\/helder-2.jpeg\"><img loading=\"lazy\" decoding=\"async\" class=\"aligncenter size-medium wp-image-91054\" src=\"https:\/\/www.sudoestehoje.com.br\/novoportal\/wp-content\/uploads\/2020\/11\/helder-2-500x266.jpeg\" alt=\"\" width=\"500\" height=\"266\" srcset=\"https:\/\/www.sudoestehoje.com.br\/novoportal\/wp-content\/uploads\/2020\/11\/helder-2-500x266.jpeg 500w, https:\/\/www.sudoestehoje.com.br\/novoportal\/wp-content\/uploads\/2020\/11\/helder-2-700x372.jpeg 700w, https:\/\/www.sudoestehoje.com.br\/novoportal\/wp-content\/uploads\/2020\/11\/helder-2-768x409.jpeg 768w, https:\/\/www.sudoestehoje.com.br\/novoportal\/wp-content\/uploads\/2020\/11\/helder-2.jpeg 968w\" sizes=\"auto, (max-width: 500px) 100vw, 500px\" \/><\/a><\/p>\n<p>Como j\u00e1 era esperado, a comunidade de Bandeira do Col\u00f4nia demostrou todo seu apoio ao candidato a vereador H\u00e9lder de Bandeira (PSC), que acompanhado do prefeito Rodrigo Hagge\u00a0 participou de um corpo a corpo no distrito, nesta ter\u00e7a-feira (3), junto com um grande n\u00famero de apoiadores.<\/p>\n<p>Helder, Rodrigo e Renan foram recebidos com muito carinho pela popula\u00e7\u00e3o, que demonstraram total apoio \u00e0s candidaturas do futuro vereador e da chapa majorit\u00e1ria.<\/p>\n<p>Servidor p\u00fablico municipal h\u00e1 18 anos, lotado na Secretaria de Sa\u00fade, Helder desempenha o seu trabalho com dedica\u00e7\u00e3o, e goza de enorme popularidade junto aos moradores do distrito e zona rural, al\u00e9m de contar com o apoio de lideran\u00e7as do distrito, dentre eles Ant\u00f4nio do Hospital, que disputou duas elei\u00e7\u00f5es para vereador, com vota\u00e7\u00f5es expressivas. <em>\/\/Ascom<\/em><\/p>\n","protected":false},"excerpt":{"rendered":"<p>Como j\u00e1 era esperado, a comunidade de Bandeira do Col\u00f4nia demostrou todo seu apoio ao candidato a vereador H\u00e9lder de Bandeira (PSC), que acompanhado do prefeito Rodrigo Hagge\u00a0 participou de um corpo a corpo no distrito, nesta ter\u00e7a-feira (3), junto com um grande n\u00famero de apoiadores. Helder, Rodrigo e Renan foram recebidos com muito carinho [&hellip;]<\/p>\n","protected":false},"author":2,"featured_media":91054,"comment_status":"open","ping_status":"open","sticky":false,"template":"","format":"standard","meta":{"footnotes":"","_links_to":"","_links_to_target":""},"categories":[1],"tags":[],"class_list":["post-91049","post","type-post","status-publish","format-standard","has-post-thumbnail","hentry","category-geral"],"views":1098,"_links":{"self":[{"href":"https:\/\/www.sudoestehoje.com.br\/novoportal\/wp-json\/wp\/v2\/posts\/91049","targetHints":{"allow":["GET"]}}],"collection":[{"href":"https:\/\/www.sudoestehoje.com.br\/novoportal\/wp-json\/wp\/v2\/posts"}],"about":[{"href":"https:\/\/www.sudoestehoje.com.br\/novoportal\/wp-json\/wp\/v2\/types\/post"}],"author":[{"embeddable":true,"href":"https:\/\/www.sudoestehoje.com.br\/novoportal\/wp-json\/wp\/v2\/users\/2"}],"replies":[{"embeddable":true,"href":"https:\/\/www.sudoestehoje.com.br\/novoportal\/wp-json\/wp\/v2\/comments?post=91049"}],"version-history":[{"count":4,"href":"https:\/\/www.sudoestehoje.com.br\/novoportal\/wp-json\/wp\/v2\/posts\/91049\/revisions"}],"predecessor-version":[{"id":91055,"href":"https:\/\/www.sudoestehoje.com.br\/novoportal\/wp-json\/wp\/v2\/posts\/91049\/revisions\/91055"}],"wp:featuredmedia":[{"embeddable":true,"href":"https:\/\/www.sudoestehoje.com.br\/novoportal\/wp-json\/wp\/v2\/media\/91054"}],"wp:attachment":[{"href":"https:\/\/www.sudoestehoje.com.br\/novoportal\/wp-json\/wp\/v2\/media?parent=91049"}],"wp:term":[{"taxonomy":"category","embeddable":true,"href":"https:\/\/www.sudoestehoje.com.br\/novoportal\/wp-json\/wp\/v2\/categories?post=91049"},{"taxonomy":"post_tag","embeddable":true,"href":"https:\/\/www.sudoestehoje.com.br\/novoportal\/wp-json\/wp\/v2\/tags?post=91049"}],"curies":[{"name":"wp","href":"https:\/\/api.w.org\/{rel}","templated":true}]}}