
{"id":9103,"date":"2011-09-27T21:02:21","date_gmt":"2011-09-28T00:02:21","guid":{"rendered":"http:\/\/www.sudoestehoje.com.br\/novoportal\/?p=9103"},"modified":"2011-09-27T21:02:21","modified_gmt":"2011-09-28T00:02:21","slug":"tse-concede-registro-ao-psd","status":"publish","type":"post","link":"https:\/\/www.sudoestehoje.com.br\/novoportal\/2011\/09\/27\/tse-concede-registro-ao-psd\/","title":{"rendered":"TSE CONCEDE REGISTRO AO PSD"},"content":{"rendered":"<p style=\"text-align: center;\"><img decoding=\"async\" class=\"aligncenter\" src=\"http:\/\/www.politicalivre.com.br\/wp-content\/uploads\/2011\/09\/NOT-tre-aprova-psd-de-kassab-com-apoio-de-5-579-eleitores-no-piaui1314877308-300x202.jpg\" alt=\"\" width=\"400\" \/><\/p>\n<p>O Tribunal Superior Eleitoral (TSE) acaba de aprovar a cria\u00e7\u00e3o do Partido Social Democr\u00e1tico (PSD) \u2013 nova sigla encabe\u00e7ada na Bahia pelo vice-governador Otto Alencar \u2013 na noite desta ter\u00e7a-feira (27). Entre os magistrados que comp\u00f5em o colegiado, somente o ministro Marco Aur\u00e9lio Mello votou contra o registro. O PSD baiano j\u00e1 nasce com a segunda maior bancada na Assembleia Legislativa, com 11 deputados estaduais e, na C\u00e2mara, com cinco federais.<\/p>\n","protected":false},"excerpt":{"rendered":"<p>O Tribunal Superior Eleitoral (TSE) acaba de aprovar a cria\u00e7\u00e3o do Partido Social Democr\u00e1tico (PSD) \u2013 nova sigla encabe\u00e7ada na Bahia pelo vice-governador Otto Alencar \u2013 na noite desta ter\u00e7a-feira (27). Entre os magistrados que comp\u00f5em o colegiado, somente o ministro Marco Aur\u00e9lio Mello votou contra o registro. O PSD baiano j\u00e1 nasce com a [&hellip;]<\/p>\n","protected":false},"author":2,"featured_media":0,"comment_status":"open","ping_status":"open","sticky":false,"template":"","format":"standard","meta":{"footnotes":"","_links_to":"","_links_to_target":""},"categories":[1],"tags":[],"class_list":["post-9103","post","type-post","status-publish","format-standard","hentry","category-geral"],"views":1341,"_links":{"self":[{"href":"https:\/\/www.sudoestehoje.com.br\/novoportal\/wp-json\/wp\/v2\/posts\/9103","targetHints":{"allow":["GET"]}}],"collection":[{"href":"https:\/\/www.sudoestehoje.com.br\/novoportal\/wp-json\/wp\/v2\/posts"}],"about":[{"href":"https:\/\/www.sudoestehoje.com.br\/novoportal\/wp-json\/wp\/v2\/types\/post"}],"author":[{"embeddable":true,"href":"https:\/\/www.sudoestehoje.com.br\/novoportal\/wp-json\/wp\/v2\/users\/2"}],"replies":[{"embeddable":true,"href":"https:\/\/www.sudoestehoje.com.br\/novoportal\/wp-json\/wp\/v2\/comments?post=9103"}],"version-history":[{"count":2,"href":"https:\/\/www.sudoestehoje.com.br\/novoportal\/wp-json\/wp\/v2\/posts\/9103\/revisions"}],"predecessor-version":[{"id":9105,"href":"https:\/\/www.sudoestehoje.com.br\/novoportal\/wp-json\/wp\/v2\/posts\/9103\/revisions\/9105"}],"wp:attachment":[{"href":"https:\/\/www.sudoestehoje.com.br\/novoportal\/wp-json\/wp\/v2\/media?parent=9103"}],"wp:term":[{"taxonomy":"category","embeddable":true,"href":"https:\/\/www.sudoestehoje.com.br\/novoportal\/wp-json\/wp\/v2\/categories?post=9103"},{"taxonomy":"post_tag","embeddable":true,"href":"https:\/\/www.sudoestehoje.com.br\/novoportal\/wp-json\/wp\/v2\/tags?post=9103"}],"curies":[{"name":"wp","href":"https:\/\/api.w.org\/{rel}","templated":true}]}}