
{"id":90997,"date":"2020-11-03T20:48:07","date_gmt":"2020-11-03T23:48:07","guid":{"rendered":"https:\/\/www.sudoestehoje.com.br\/novoportal\/?p=90997"},"modified":"2020-11-03T20:48:07","modified_gmt":"2020-11-03T23:48:07","slug":"itapetinga-juscelino-gomes-e-saudado-por-feirantes-e-comerciantes-da-central","status":"publish","type":"post","link":"https:\/\/www.sudoestehoje.com.br\/novoportal\/2020\/11\/03\/itapetinga-juscelino-gomes-e-saudado-por-feirantes-e-comerciantes-da-central\/","title":{"rendered":"ITAPETINGA: JUSCELINO GOMES \u00c9 SAUDADO POR FEIRANTES E COMERCIANTES DA CENTRAL"},"content":{"rendered":"<p><a href=\"https:\/\/www.sudoestehoje.com.br\/novoportal\/wp-content\/uploads\/2020\/11\/JUSCELINO-1.jpeg\"><img loading=\"lazy\" decoding=\"async\" class=\"aligncenter size-medium wp-image-90999\" src=\"https:\/\/www.sudoestehoje.com.br\/novoportal\/wp-content\/uploads\/2020\/11\/JUSCELINO-1-500x333.jpeg\" alt=\"\" width=\"500\" height=\"333\" srcset=\"https:\/\/www.sudoestehoje.com.br\/novoportal\/wp-content\/uploads\/2020\/11\/JUSCELINO-1-500x333.jpeg 500w, https:\/\/www.sudoestehoje.com.br\/novoportal\/wp-content\/uploads\/2020\/11\/JUSCELINO-1-700x466.jpeg 700w, https:\/\/www.sudoestehoje.com.br\/novoportal\/wp-content\/uploads\/2020\/11\/JUSCELINO-1-768x512.jpeg 768w, https:\/\/www.sudoestehoje.com.br\/novoportal\/wp-content\/uploads\/2020\/11\/JUSCELINO-1.jpeg 1280w\" sizes=\"auto, (max-width: 500px) 100vw, 500px\" \/><\/a><\/p>\n<p>Na manh\u00e3 do \u00faltimo s\u00e1bado (31), Juscelino Gomes, candidato a vereador de Itapetinga, visitou a feira-livre e a central de abastecimento da cidade acompanhado por apoiadores. Essa visita d\u00e1 seguimento \u00e0s atividades relacionadas \u00e0 campanha do candidato, que vem recebendo a todo momento apoio de populares, comerciantes, amigos e familiares.<\/p>\n<p><a href=\"https:\/\/www.sudoestehoje.com.br\/novoportal\/wp-content\/uploads\/2020\/11\/JUSCELINO-3.jpeg\"><img loading=\"lazy\" decoding=\"async\" class=\"aligncenter size-medium wp-image-91001\" src=\"https:\/\/www.sudoestehoje.com.br\/novoportal\/wp-content\/uploads\/2020\/11\/JUSCELINO-3-500x333.jpeg\" alt=\"\" width=\"500\" height=\"333\" srcset=\"https:\/\/www.sudoestehoje.com.br\/novoportal\/wp-content\/uploads\/2020\/11\/JUSCELINO-3-500x333.jpeg 500w, https:\/\/www.sudoestehoje.com.br\/novoportal\/wp-content\/uploads\/2020\/11\/JUSCELINO-3-700x466.jpeg 700w, https:\/\/www.sudoestehoje.com.br\/novoportal\/wp-content\/uploads\/2020\/11\/JUSCELINO-3-768x512.jpeg 768w, https:\/\/www.sudoestehoje.com.br\/novoportal\/wp-content\/uploads\/2020\/11\/JUSCELINO-3.jpeg 1280w\" sizes=\"auto, (max-width: 500px) 100vw, 500px\" \/><\/a><\/p>\n<p>Durante a visita, Juscelino conversou com os comerciantes da localidade e aproveitou a oportunidade para escutar as demandas e necessidades dos feirantes e de outros trabalhadores que dependem do centro de abastecimento para ganhar o seu sustento.<\/p>\n<p><a href=\"https:\/\/www.sudoestehoje.com.br\/novoportal\/wp-content\/uploads\/2020\/11\/JUSCELINO-4.jpeg\"><img loading=\"lazy\" decoding=\"async\" class=\"aligncenter size-medium wp-image-91002\" src=\"https:\/\/www.sudoestehoje.com.br\/novoportal\/wp-content\/uploads\/2020\/11\/JUSCELINO-4-500x333.jpeg\" alt=\"\" width=\"500\" height=\"333\" srcset=\"https:\/\/www.sudoestehoje.com.br\/novoportal\/wp-content\/uploads\/2020\/11\/JUSCELINO-4-500x333.jpeg 500w, https:\/\/www.sudoestehoje.com.br\/novoportal\/wp-content\/uploads\/2020\/11\/JUSCELINO-4-700x466.jpeg 700w, https:\/\/www.sudoestehoje.com.br\/novoportal\/wp-content\/uploads\/2020\/11\/JUSCELINO-4-768x512.jpeg 768w, https:\/\/www.sudoestehoje.com.br\/novoportal\/wp-content\/uploads\/2020\/11\/JUSCELINO-4.jpeg 1280w\" sizes=\"auto, (max-width: 500px) 100vw, 500px\" \/><\/a><\/p>\n<p>Juscelino tamb\u00e9m foi cumprimentado por muitos moradores que passavam pelo local e p\u00f4de aproveitar esses momentos para falar sobre as conquistas quando secret\u00e1rio de desenvolvimento econ\u00f4mico e das suas propostas.<\/p>\n<p><a href=\"https:\/\/www.sudoestehoje.com.br\/novoportal\/wp-content\/uploads\/2020\/11\/JUSCELINO-6.jpeg\"><img loading=\"lazy\" decoding=\"async\" class=\"aligncenter size-medium wp-image-91004\" src=\"https:\/\/www.sudoestehoje.com.br\/novoportal\/wp-content\/uploads\/2020\/11\/JUSCELINO-6-500x333.jpeg\" alt=\"\" width=\"500\" height=\"333\" srcset=\"https:\/\/www.sudoestehoje.com.br\/novoportal\/wp-content\/uploads\/2020\/11\/JUSCELINO-6-500x333.jpeg 500w, https:\/\/www.sudoestehoje.com.br\/novoportal\/wp-content\/uploads\/2020\/11\/JUSCELINO-6-700x466.jpeg 700w, https:\/\/www.sudoestehoje.com.br\/novoportal\/wp-content\/uploads\/2020\/11\/JUSCELINO-6-768x512.jpeg 768w, https:\/\/www.sudoestehoje.com.br\/novoportal\/wp-content\/uploads\/2020\/11\/JUSCELINO-6.jpeg 1280w\" sizes=\"auto, (max-width: 500px) 100vw, 500px\" \/><\/a><\/p>\n<p><em>\u201cTodos juntos seguimos uma grande caminhada em di\u00e1logo com os nossos feirantes, com os nossos trabalhadores, levando a nossa mensagem para que n\u00f3s possamos continuar, junto a administra\u00e7\u00e3o municipal, trabalhar para os verdadeiros interesses do nosso povo. Portanto, vamos continuar ampliando nossas visitas a cada dia para que, com a vit\u00f3ria que alcan\u00e7aremos no dia 15 de novembro, com f\u00e9 em Deus e com o apoio da popula\u00e7\u00e3o de Itapetinga, possamos fortalecer ainda mais as atividades dos feirantes em nosso munic\u00edpio\u201d,<\/em> declarou Juscelino gomes 20100<\/p>\n","protected":false},"excerpt":{"rendered":"<p>Na manh\u00e3 do \u00faltimo s\u00e1bado (31), Juscelino Gomes, candidato a vereador de Itapetinga, visitou a feira-livre e a central de abastecimento da cidade acompanhado por apoiadores. Essa visita d\u00e1 seguimento \u00e0s atividades relacionadas \u00e0 campanha do candidato, que vem recebendo a todo momento apoio de populares, comerciantes, amigos e familiares. Durante a visita, Juscelino conversou [&hellip;]<\/p>\n","protected":false},"author":2,"featured_media":90999,"comment_status":"open","ping_status":"open","sticky":false,"template":"","format":"standard","meta":{"footnotes":"","_links_to":"","_links_to_target":""},"categories":[5],"tags":[],"class_list":["post-90997","post","type-post","status-publish","format-standard","has-post-thumbnail","hentry","category-regiao"],"views":1014,"_links":{"self":[{"href":"https:\/\/www.sudoestehoje.com.br\/novoportal\/wp-json\/wp\/v2\/posts\/90997","targetHints":{"allow":["GET"]}}],"collection":[{"href":"https:\/\/www.sudoestehoje.com.br\/novoportal\/wp-json\/wp\/v2\/posts"}],"about":[{"href":"https:\/\/www.sudoestehoje.com.br\/novoportal\/wp-json\/wp\/v2\/types\/post"}],"author":[{"embeddable":true,"href":"https:\/\/www.sudoestehoje.com.br\/novoportal\/wp-json\/wp\/v2\/users\/2"}],"replies":[{"embeddable":true,"href":"https:\/\/www.sudoestehoje.com.br\/novoportal\/wp-json\/wp\/v2\/comments?post=90997"}],"version-history":[{"count":2,"href":"https:\/\/www.sudoestehoje.com.br\/novoportal\/wp-json\/wp\/v2\/posts\/90997\/revisions"}],"predecessor-version":[{"id":91009,"href":"https:\/\/www.sudoestehoje.com.br\/novoportal\/wp-json\/wp\/v2\/posts\/90997\/revisions\/91009"}],"wp:featuredmedia":[{"embeddable":true,"href":"https:\/\/www.sudoestehoje.com.br\/novoportal\/wp-json\/wp\/v2\/media\/90999"}],"wp:attachment":[{"href":"https:\/\/www.sudoestehoje.com.br\/novoportal\/wp-json\/wp\/v2\/media?parent=90997"}],"wp:term":[{"taxonomy":"category","embeddable":true,"href":"https:\/\/www.sudoestehoje.com.br\/novoportal\/wp-json\/wp\/v2\/categories?post=90997"},{"taxonomy":"post_tag","embeddable":true,"href":"https:\/\/www.sudoestehoje.com.br\/novoportal\/wp-json\/wp\/v2\/tags?post=90997"}],"curies":[{"name":"wp","href":"https:\/\/api.w.org\/{rel}","templated":true}]}}