
{"id":90980,"date":"2020-11-02T20:31:00","date_gmt":"2020-11-02T23:31:00","guid":{"rendered":"https:\/\/www.sudoestehoje.com.br\/novoportal\/?p=90980"},"modified":"2020-11-02T20:31:00","modified_gmt":"2020-11-02T23:31:00","slug":"itarantim-empresario-morre-afogado-apos-tentar-atravessar-rio-de-quadriciclo","status":"publish","type":"post","link":"https:\/\/www.sudoestehoje.com.br\/novoportal\/2020\/11\/02\/itarantim-empresario-morre-afogado-apos-tentar-atravessar-rio-de-quadriciclo\/","title":{"rendered":"ITARANTIM: EMPRES\u00c1RIO MORRE AFOGADO AP\u00d3S TENTAR ATRAVESSAR RIO DE QUADRICICLO"},"content":{"rendered":"<p><a href=\"https:\/\/www.sudoestehoje.com.br\/novoportal\/wp-content\/uploads\/2020\/11\/YVES.jpg\"><img loading=\"lazy\" decoding=\"async\" class=\"aligncenter size-medium wp-image-90984\" src=\"https:\/\/www.sudoestehoje.com.br\/novoportal\/wp-content\/uploads\/2020\/11\/YVES-500x283.jpg\" alt=\"\" width=\"500\" height=\"283\" srcset=\"https:\/\/www.sudoestehoje.com.br\/novoportal\/wp-content\/uploads\/2020\/11\/YVES-500x283.jpg 500w, https:\/\/www.sudoestehoje.com.br\/novoportal\/wp-content\/uploads\/2020\/11\/YVES.jpg 600w\" sizes=\"auto, (max-width: 500px) 100vw, 500px\" \/><\/a><\/p>\n<p>Um empres\u00e1rio, identificado como Yves Muller, morreu na manh\u00e3 desta segunda-feira (2) na cidade de Itarantim, munic\u00edpio baiano que faz divisa com Minas Gerais, ao tentar atravessar um dos rios que ficam na regi\u00e3o de C\u00f3rrego da \u00c1gua.<\/p>\n<p><a href=\"https:\/\/www.sudoestehoje.com.br\/novoportal\/wp-content\/uploads\/2020\/11\/empresario-morte01.jpg\"><img loading=\"lazy\" decoding=\"async\" class=\"aligncenter size-medium wp-image-90985\" src=\"https:\/\/www.sudoestehoje.com.br\/novoportal\/wp-content\/uploads\/2020\/11\/empresario-morte01-500x306.jpg\" alt=\"\" width=\"500\" height=\"306\" srcset=\"https:\/\/www.sudoestehoje.com.br\/novoportal\/wp-content\/uploads\/2020\/11\/empresario-morte01-500x306.jpg 500w, https:\/\/www.sudoestehoje.com.br\/novoportal\/wp-content\/uploads\/2020\/11\/empresario-morte01-700x429.jpg 700w, https:\/\/www.sudoestehoje.com.br\/novoportal\/wp-content\/uploads\/2020\/11\/empresario-morte01-768x471.jpg 768w, https:\/\/www.sudoestehoje.com.br\/novoportal\/wp-content\/uploads\/2020\/11\/empresario-morte01.jpg 984w\" sizes=\"auto, (max-width: 500px) 100vw, 500px\" \/><\/a><\/p>\n<p>Ele teria tentado fazer a travessia a quadriciclo, quando foi arrastado pela correnteza do rio, que estava cheio devido \u00e0s fortes chuvas na cidade.<\/p>\n<p>Conhecido como Pop\u00f3, o empres\u00e1rio estava com casamento marcado.<\/p>\n","protected":false},"excerpt":{"rendered":"<p>Um empres\u00e1rio, identificado como Yves Muller, morreu na manh\u00e3 desta segunda-feira (2) na cidade de Itarantim, munic\u00edpio baiano que faz divisa com Minas Gerais, ao tentar atravessar um dos rios que ficam na regi\u00e3o de C\u00f3rrego da \u00c1gua. Ele teria tentado fazer a travessia a quadriciclo, quando foi arrastado pela correnteza do rio, que estava [&hellip;]<\/p>\n","protected":false},"author":2,"featured_media":90984,"comment_status":"open","ping_status":"open","sticky":false,"template":"","format":"standard","meta":{"footnotes":"","_links_to":"","_links_to_target":""},"categories":[1],"tags":[],"class_list":["post-90980","post","type-post","status-publish","format-standard","has-post-thumbnail","hentry","category-geral"],"views":2476,"_links":{"self":[{"href":"https:\/\/www.sudoestehoje.com.br\/novoportal\/wp-json\/wp\/v2\/posts\/90980","targetHints":{"allow":["GET"]}}],"collection":[{"href":"https:\/\/www.sudoestehoje.com.br\/novoportal\/wp-json\/wp\/v2\/posts"}],"about":[{"href":"https:\/\/www.sudoestehoje.com.br\/novoportal\/wp-json\/wp\/v2\/types\/post"}],"author":[{"embeddable":true,"href":"https:\/\/www.sudoestehoje.com.br\/novoportal\/wp-json\/wp\/v2\/users\/2"}],"replies":[{"embeddable":true,"href":"https:\/\/www.sudoestehoje.com.br\/novoportal\/wp-json\/wp\/v2\/comments?post=90980"}],"version-history":[{"count":4,"href":"https:\/\/www.sudoestehoje.com.br\/novoportal\/wp-json\/wp\/v2\/posts\/90980\/revisions"}],"predecessor-version":[{"id":90986,"href":"https:\/\/www.sudoestehoje.com.br\/novoportal\/wp-json\/wp\/v2\/posts\/90980\/revisions\/90986"}],"wp:featuredmedia":[{"embeddable":true,"href":"https:\/\/www.sudoestehoje.com.br\/novoportal\/wp-json\/wp\/v2\/media\/90984"}],"wp:attachment":[{"href":"https:\/\/www.sudoestehoje.com.br\/novoportal\/wp-json\/wp\/v2\/media?parent=90980"}],"wp:term":[{"taxonomy":"category","embeddable":true,"href":"https:\/\/www.sudoestehoje.com.br\/novoportal\/wp-json\/wp\/v2\/categories?post=90980"},{"taxonomy":"post_tag","embeddable":true,"href":"https:\/\/www.sudoestehoje.com.br\/novoportal\/wp-json\/wp\/v2\/tags?post=90980"}],"curies":[{"name":"wp","href":"https:\/\/api.w.org\/{rel}","templated":true}]}}