
{"id":90933,"date":"2020-11-01T18:31:14","date_gmt":"2020-11-01T21:31:14","guid":{"rendered":"https:\/\/www.sudoestehoje.com.br\/novoportal\/?p=90933"},"modified":"2020-11-01T18:34:36","modified_gmt":"2020-11-01T21:34:36","slug":"morre-tom-veiga-o-louro-jose-do-programa-de-ana-maria-braga","status":"publish","type":"post","link":"https:\/\/www.sudoestehoje.com.br\/novoportal\/2020\/11\/01\/morre-tom-veiga-o-louro-jose-do-programa-de-ana-maria-braga\/","title":{"rendered":"GLOBO: MORRE TOM VEIGA, O &#8216;LOURO JOS\u00c9&#8217; DO PROGRAMA DE ANA MARIA BRAGA"},"content":{"rendered":"<p><a href=\"https:\/\/www.sudoestehoje.com.br\/novoportal\/wp-content\/uploads\/2020\/11\/TOM-VEIGA.jpg\"><img loading=\"lazy\" decoding=\"async\" class=\"aligncenter size-medium wp-image-90934\" src=\"https:\/\/www.sudoestehoje.com.br\/novoportal\/wp-content\/uploads\/2020\/11\/TOM-VEIGA-500x260.jpg\" alt=\"\" width=\"500\" height=\"260\" srcset=\"https:\/\/www.sudoestehoje.com.br\/novoportal\/wp-content\/uploads\/2020\/11\/TOM-VEIGA-500x260.jpg 500w, https:\/\/www.sudoestehoje.com.br\/novoportal\/wp-content\/uploads\/2020\/11\/TOM-VEIGA-700x364.jpg 700w, https:\/\/www.sudoestehoje.com.br\/novoportal\/wp-content\/uploads\/2020\/11\/TOM-VEIGA.jpg 768w\" sizes=\"auto, (max-width: 500px) 100vw, 500px\" \/><\/a><\/p>\n<p>O ator Tom Veiga, int\u00e9rprete do personagem Louro Jos\u00e9 do programa &#8220;Mais Voc\u00ea&#8221;, foi encontrado morto em sua casa na Barra da Tijuca, no Rio, neste domingo (1\u00ba). A informa\u00e7\u00e3o foi confirmada pela TV Globo. Ele trabalhava h\u00e1 mais de duas d\u00e9cadas ao lado da apresentadora Ana Maria Braga.<\/p>\n<p>Em outubro, Veiga anunciou o fim de seu casamento de oito meses com Cybelle Herm\u00ednio Costa. Ele estava providenciando a mudan\u00e7a para S\u00e3o Paulo, onde ser\u00e1 gravada a nova temporada do programa matinal.<\/p>\n<p>O personagem foi criado em 1996 para o programa &#8220;Note &amp; Anote&#8221;, que Ana apresentava na RecordTV. O ator era assistente de produ\u00e7\u00e3o da loira e acabou sendo escolhido para manipular o fantoche. Com a transfer\u00eancia dela para a Globo, o personagem foi junto.<\/p>\n","protected":false},"excerpt":{"rendered":"<p>O ator Tom Veiga, int\u00e9rprete do personagem Louro Jos\u00e9 do programa &#8220;Mais Voc\u00ea&#8221;, foi encontrado morto em sua casa na Barra da Tijuca, no Rio, neste domingo (1\u00ba). A informa\u00e7\u00e3o foi confirmada pela TV Globo. Ele trabalhava h\u00e1 mais de duas d\u00e9cadas ao lado da apresentadora Ana Maria Braga. Em outubro, Veiga anunciou o fim [&hellip;]<\/p>\n","protected":false},"author":2,"featured_media":90934,"comment_status":"open","ping_status":"open","sticky":false,"template":"","format":"standard","meta":{"footnotes":"","_links_to":"","_links_to_target":""},"categories":[1],"tags":[],"class_list":["post-90933","post","type-post","status-publish","format-standard","has-post-thumbnail","hentry","category-geral"],"views":2120,"_links":{"self":[{"href":"https:\/\/www.sudoestehoje.com.br\/novoportal\/wp-json\/wp\/v2\/posts\/90933","targetHints":{"allow":["GET"]}}],"collection":[{"href":"https:\/\/www.sudoestehoje.com.br\/novoportal\/wp-json\/wp\/v2\/posts"}],"about":[{"href":"https:\/\/www.sudoestehoje.com.br\/novoportal\/wp-json\/wp\/v2\/types\/post"}],"author":[{"embeddable":true,"href":"https:\/\/www.sudoestehoje.com.br\/novoportal\/wp-json\/wp\/v2\/users\/2"}],"replies":[{"embeddable":true,"href":"https:\/\/www.sudoestehoje.com.br\/novoportal\/wp-json\/wp\/v2\/comments?post=90933"}],"version-history":[{"count":3,"href":"https:\/\/www.sudoestehoje.com.br\/novoportal\/wp-json\/wp\/v2\/posts\/90933\/revisions"}],"predecessor-version":[{"id":90937,"href":"https:\/\/www.sudoestehoje.com.br\/novoportal\/wp-json\/wp\/v2\/posts\/90933\/revisions\/90937"}],"wp:featuredmedia":[{"embeddable":true,"href":"https:\/\/www.sudoestehoje.com.br\/novoportal\/wp-json\/wp\/v2\/media\/90934"}],"wp:attachment":[{"href":"https:\/\/www.sudoestehoje.com.br\/novoportal\/wp-json\/wp\/v2\/media?parent=90933"}],"wp:term":[{"taxonomy":"category","embeddable":true,"href":"https:\/\/www.sudoestehoje.com.br\/novoportal\/wp-json\/wp\/v2\/categories?post=90933"},{"taxonomy":"post_tag","embeddable":true,"href":"https:\/\/www.sudoestehoje.com.br\/novoportal\/wp-json\/wp\/v2\/tags?post=90933"}],"curies":[{"name":"wp","href":"https:\/\/api.w.org\/{rel}","templated":true}]}}