
{"id":90913,"date":"2020-10-31T18:57:32","date_gmt":"2020-10-31T21:57:32","guid":{"rendered":"https:\/\/www.sudoestehoje.com.br\/novoportal\/?p=90913"},"modified":"2020-10-31T20:31:30","modified_gmt":"2020-10-31T23:31:30","slug":"itapetinga-nova-loja-rezende-moda-sera-inaugurada-na-proxima-terca","status":"publish","type":"post","link":"https:\/\/www.sudoestehoje.com.br\/novoportal\/2020\/10\/31\/itapetinga-nova-loja-rezende-moda-sera-inaugurada-na-proxima-terca\/","title":{"rendered":"ITAPETINGA: NOVA LOJA REZENDE MODA SER\u00c1 INAUGURADA NA PR\u00d3XIMA TER\u00c7A"},"content":{"rendered":"<p><a href=\"https:\/\/www.sudoestehoje.com.br\/novoportal\/wp-content\/uploads\/2020\/10\/REZENDE-MODA-BANNER-2.jpeg\"><img loading=\"lazy\" decoding=\"async\" class=\"aligncenter size-medium wp-image-90917\" src=\"https:\/\/www.sudoestehoje.com.br\/novoportal\/wp-content\/uploads\/2020\/10\/REZENDE-MODA-BANNER-2-500x285.jpeg\" alt=\"\" width=\"500\" height=\"285\" srcset=\"https:\/\/www.sudoestehoje.com.br\/novoportal\/wp-content\/uploads\/2020\/10\/REZENDE-MODA-BANNER-2-500x285.jpeg 500w, https:\/\/www.sudoestehoje.com.br\/novoportal\/wp-content\/uploads\/2020\/10\/REZENDE-MODA-BANNER-2-700x399.jpeg 700w, https:\/\/www.sudoestehoje.com.br\/novoportal\/wp-content\/uploads\/2020\/10\/REZENDE-MODA-BANNER-2-768x438.jpeg 768w, https:\/\/www.sudoestehoje.com.br\/novoportal\/wp-content\/uploads\/2020\/10\/REZENDE-MODA-BANNER-2.jpeg 1200w\" sizes=\"auto, (max-width: 500px) 100vw, 500px\" \/><\/a><\/p>\n<p>As Lojas Rezende est\u00e3o preparando muitas novidades para sua reinaugura\u00e7\u00e3o na ter\u00e7a-feira, dia 3 de novembro. Uma delas, \u00e9 que agora o nome ser\u00e1 <strong><em>Rezende Moda.<\/em><\/strong> Uma loja totalmente nova, com confec\u00e7\u00f5es masculinas, femininas, fitness, plus e \u00edntima, al\u00e9m de bolsas, malas e acess\u00f3rios.<\/p>\n<p>E para comemorar a loja nova, no dia 02\/11, \u00e0s 19h30, faremos uma LIVE no Instagram da @lojasrezendemoda com @kamileguariento mostrando tudinho pra voc\u00eas.<\/p>\n<p>Ah, e durante a live, vamos sortear 3 vale-compras no valor de R$200,00. E se voc\u00ea estiver participando da live e for sorteado, seu pr\u00eamio ir\u00e1 dobrar de valor. Isso mesmo, voc\u00ea poder\u00e1 ganhar at\u00e9 R$400,00 em compras. Demais, n\u00e9?<\/p>\n<p>Para participar \u00e9 muito f\u00e1cil, basta seguir as regrinhas que est\u00e3o no post.<\/p>\n<p>E para a inaugura\u00e7\u00e3o preparamos v\u00e1rias\u00a0 ofertas, sempre com muita facilidade para pagar, 6 vezes no credi\u00e1rio ou at\u00e9 10 vezes no cart\u00e3o.<\/p>\n<p>A nova loja<strong> <em>Rezende Moda<\/em><\/strong> fica no pr\u00e9dio onde funcionava a Coopardo, na Pra\u00e7a Augusto Carvalho, em Itapetinga.<\/p>\n","protected":false},"excerpt":{"rendered":"<p>As Lojas Rezende est\u00e3o preparando muitas novidades para sua reinaugura\u00e7\u00e3o na ter\u00e7a-feira, dia 3 de novembro. Uma delas, \u00e9 que agora o nome ser\u00e1 Rezende Moda. Uma loja totalmente nova, com confec\u00e7\u00f5es masculinas, femininas, fitness, plus e \u00edntima, al\u00e9m de bolsas, malas e acess\u00f3rios. E para comemorar a loja nova, no dia 02\/11, \u00e0s 19h30, [&hellip;]<\/p>\n","protected":false},"author":2,"featured_media":90917,"comment_status":"open","ping_status":"open","sticky":false,"template":"","format":"standard","meta":{"footnotes":"","_links_to":"","_links_to_target":""},"categories":[1],"tags":[],"class_list":["post-90913","post","type-post","status-publish","format-standard","has-post-thumbnail","hentry","category-geral"],"views":1744,"_links":{"self":[{"href":"https:\/\/www.sudoestehoje.com.br\/novoportal\/wp-json\/wp\/v2\/posts\/90913","targetHints":{"allow":["GET"]}}],"collection":[{"href":"https:\/\/www.sudoestehoje.com.br\/novoportal\/wp-json\/wp\/v2\/posts"}],"about":[{"href":"https:\/\/www.sudoestehoje.com.br\/novoportal\/wp-json\/wp\/v2\/types\/post"}],"author":[{"embeddable":true,"href":"https:\/\/www.sudoestehoje.com.br\/novoportal\/wp-json\/wp\/v2\/users\/2"}],"replies":[{"embeddable":true,"href":"https:\/\/www.sudoestehoje.com.br\/novoportal\/wp-json\/wp\/v2\/comments?post=90913"}],"version-history":[{"count":4,"href":"https:\/\/www.sudoestehoje.com.br\/novoportal\/wp-json\/wp\/v2\/posts\/90913\/revisions"}],"predecessor-version":[{"id":90919,"href":"https:\/\/www.sudoestehoje.com.br\/novoportal\/wp-json\/wp\/v2\/posts\/90913\/revisions\/90919"}],"wp:featuredmedia":[{"embeddable":true,"href":"https:\/\/www.sudoestehoje.com.br\/novoportal\/wp-json\/wp\/v2\/media\/90917"}],"wp:attachment":[{"href":"https:\/\/www.sudoestehoje.com.br\/novoportal\/wp-json\/wp\/v2\/media?parent=90913"}],"wp:term":[{"taxonomy":"category","embeddable":true,"href":"https:\/\/www.sudoestehoje.com.br\/novoportal\/wp-json\/wp\/v2\/categories?post=90913"},{"taxonomy":"post_tag","embeddable":true,"href":"https:\/\/www.sudoestehoje.com.br\/novoportal\/wp-json\/wp\/v2\/tags?post=90913"}],"curies":[{"name":"wp","href":"https:\/\/api.w.org\/{rel}","templated":true}]}}