
{"id":9068,"date":"2011-09-26T22:49:12","date_gmt":"2011-09-27T01:49:12","guid":{"rendered":"http:\/\/www.sudoestehoje.com.br\/novoportal\/?p=9068"},"modified":"2011-09-26T22:49:12","modified_gmt":"2011-09-27T01:49:12","slug":"bancarios-confirmam-greve-a-partir-desta-terca","status":"publish","type":"post","link":"https:\/\/www.sudoestehoje.com.br\/novoportal\/2011\/09\/26\/bancarios-confirmam-greve-a-partir-desta-terca\/","title":{"rendered":"BANC\u00c1RIOS CONFIRMAM GREVE A PARTIR DESTA TER\u00c7A"},"content":{"rendered":"<p style=\"text-align: center;\"><img decoding=\"async\" class=\"aligncenter\" src=\"http:\/\/exame.abril.com.br\/assets\/pictures\/15759\/size_380_caixa-bancos-greve-jpg.jpg?1287167181\" alt=\"\" width=\"400\" \/><\/p>\n<p>Os banc\u00e1rios finalizaram \u00e0s 19h mais uma assembl\u00e9ia geral para organizar a mobiliza\u00e7\u00e3o o primeiro dia de greve. A reuni\u00e3o teve car\u00e1ter preparat\u00f3rio e tamb\u00e9m serviu para esclarecer d\u00favidas dos banc\u00e1rios. \u201cJ\u00e1 temos amea\u00e7as dos gestores e a categoria precisa estar confiante, pois nossa greve est\u00e1 amparada pela Lei 7.783\/89\u201d, esclareceu o presidente do Sindicato, Delson Co\u00ealho.<\/p>\n<p>Durante toda a ter\u00e7a-feira (27), comiss\u00f5es de convencimento estar\u00e3o presentes em todas as ag\u00eancias para esclarecer \u00e0 popula\u00e7\u00e3o sobre a suspens\u00e3o dos servi\u00e7os.<\/p>\n<p>A orienta\u00e7\u00e3o do Sindicato \u00e9 que os clientes devem optar pelos canais alternativos: auto-atendimento, lot\u00e9ricas e internet banking.<\/p>\n<p>BANQUEIROS EM SIL\u00caNCIO<\/p>\n<p>Os banqueiros n\u00e3o agendaram nenhuma rodada de negocia\u00e7\u00e3o para os pr\u00f3ximos dias.<\/p>\n<p>Na tarde de hoje, apenas o Banco Regional de Bras\u00edlia apresentou uma nova proposta: 8,5% sobre as principais verbas e 17,45% sobre os pisos salariais.<\/p>\n<p>Em Conquista e Regi\u00e3o s\u00e3o 930 banc\u00e1rios que estar\u00e3o paralisados. Ao todo, 64 ag\u00eancias distribu\u00eddas em 45 munic\u00edpios da Regi\u00e3o Sudoeste.<\/p>\n<p><em><strong>Ascom Sindicato dos Banc\u00e1rios<\/strong><\/em><\/p>\n","protected":false},"excerpt":{"rendered":"<p>Os banc\u00e1rios finalizaram \u00e0s 19h mais uma assembl\u00e9ia geral para organizar a mobiliza\u00e7\u00e3o o primeiro dia de greve. A reuni\u00e3o teve car\u00e1ter preparat\u00f3rio e tamb\u00e9m serviu para esclarecer d\u00favidas dos banc\u00e1rios. \u201cJ\u00e1 temos amea\u00e7as dos gestores e a categoria precisa estar confiante, pois nossa greve est\u00e1 amparada pela Lei 7.783\/89\u201d, esclareceu o presidente do Sindicato, [&hellip;]<\/p>\n","protected":false},"author":2,"featured_media":0,"comment_status":"open","ping_status":"open","sticky":false,"template":"","format":"standard","meta":{"footnotes":"","_links_to":"","_links_to_target":""},"categories":[1],"tags":[],"class_list":["post-9068","post","type-post","status-publish","format-standard","hentry","category-geral"],"views":1144,"_links":{"self":[{"href":"https:\/\/www.sudoestehoje.com.br\/novoportal\/wp-json\/wp\/v2\/posts\/9068","targetHints":{"allow":["GET"]}}],"collection":[{"href":"https:\/\/www.sudoestehoje.com.br\/novoportal\/wp-json\/wp\/v2\/posts"}],"about":[{"href":"https:\/\/www.sudoestehoje.com.br\/novoportal\/wp-json\/wp\/v2\/types\/post"}],"author":[{"embeddable":true,"href":"https:\/\/www.sudoestehoje.com.br\/novoportal\/wp-json\/wp\/v2\/users\/2"}],"replies":[{"embeddable":true,"href":"https:\/\/www.sudoestehoje.com.br\/novoportal\/wp-json\/wp\/v2\/comments?post=9068"}],"version-history":[{"count":3,"href":"https:\/\/www.sudoestehoje.com.br\/novoportal\/wp-json\/wp\/v2\/posts\/9068\/revisions"}],"predecessor-version":[{"id":9071,"href":"https:\/\/www.sudoestehoje.com.br\/novoportal\/wp-json\/wp\/v2\/posts\/9068\/revisions\/9071"}],"wp:attachment":[{"href":"https:\/\/www.sudoestehoje.com.br\/novoportal\/wp-json\/wp\/v2\/media?parent=9068"}],"wp:term":[{"taxonomy":"category","embeddable":true,"href":"https:\/\/www.sudoestehoje.com.br\/novoportal\/wp-json\/wp\/v2\/categories?post=9068"},{"taxonomy":"post_tag","embeddable":true,"href":"https:\/\/www.sudoestehoje.com.br\/novoportal\/wp-json\/wp\/v2\/tags?post=9068"}],"curies":[{"name":"wp","href":"https:\/\/api.w.org\/{rel}","templated":true}]}}