
{"id":90675,"date":"2020-10-20T19:12:08","date_gmt":"2020-10-20T22:12:08","guid":{"rendered":"https:\/\/www.sudoestehoje.com.br\/novoportal\/?p=90675"},"modified":"2020-10-20T19:12:56","modified_gmt":"2020-10-20T22:12:56","slug":"regiao-medico-e-vereador-de-maiquinique-comete-suicidio-em-conquista","status":"publish","type":"post","link":"https:\/\/www.sudoestehoje.com.br\/novoportal\/2020\/10\/20\/regiao-medico-e-vereador-de-maiquinique-comete-suicidio-em-conquista\/","title":{"rendered":"REGI\u00c3O: M\u00c9DICO E VEREADOR DE MAIQUINIQUE COMETE SUIC\u00cdDIO EM CONQUISTA"},"content":{"rendered":"<p><a href=\"https:\/\/www.sudoestehoje.com.br\/novoportal\/wp-content\/uploads\/2020\/10\/guilherme-casemiro.jpg\"><img loading=\"lazy\" decoding=\"async\" class=\"aligncenter size-medium wp-image-90676\" src=\"https:\/\/www.sudoestehoje.com.br\/novoportal\/wp-content\/uploads\/2020\/10\/guilherme-casemiro-500x334.jpg\" alt=\"\" width=\"500\" height=\"334\" srcset=\"https:\/\/www.sudoestehoje.com.br\/novoportal\/wp-content\/uploads\/2020\/10\/guilherme-casemiro-500x334.jpg 500w, https:\/\/www.sudoestehoje.com.br\/novoportal\/wp-content\/uploads\/2020\/10\/guilherme-casemiro.jpg 600w\" sizes=\"auto, (max-width: 500px) 100vw, 500px\" \/><\/a><\/p>\n<p>Uma not\u00edcia no final da tarde desta ter\u00e7a-feira (20) deixa muita gente enlutada em Vit\u00f3ria da Conquista, Maiquinique e toda a regi\u00e3o Sudoeste. Aos 43 anos, faleceu o m\u00e9dico e vereador pelo Partido Social Democr\u00e1tico (PSD) em Maiquinique, Guilherme Santos Casimiro.<\/p>\n<p>Casado e pai de dois filhos, Doutor Guilherme Cassimiro tamb\u00e9m era servidor do Departamento de Pol\u00edcia T\u00e9cnica onde atuava como m\u00e9dico legista em Guanambi.<\/p>\n<p>De acordo com a Pol\u00edcia Civil, o m\u00e9dico cometeu suic\u00eddio, deflagrando um tiro na pr\u00f3pria cabe\u00e7a. Segundo amigos, Dr. Guilherme j\u00e1 vinha apresentando um quadro de depress\u00e3o, h\u00e1 meses.<\/p>\n","protected":false},"excerpt":{"rendered":"<p>Uma not\u00edcia no final da tarde desta ter\u00e7a-feira (20) deixa muita gente enlutada em Vit\u00f3ria da Conquista, Maiquinique e toda a regi\u00e3o Sudoeste. Aos 43 anos, faleceu o m\u00e9dico e vereador pelo Partido Social Democr\u00e1tico (PSD) em Maiquinique, Guilherme Santos Casimiro. Casado e pai de dois filhos, Doutor Guilherme Cassimiro tamb\u00e9m era servidor do Departamento [&hellip;]<\/p>\n","protected":false},"author":2,"featured_media":90676,"comment_status":"open","ping_status":"open","sticky":false,"template":"","format":"standard","meta":{"footnotes":"","_links_to":"","_links_to_target":""},"categories":[1],"tags":[],"class_list":["post-90675","post","type-post","status-publish","format-standard","has-post-thumbnail","hentry","category-geral"],"views":3793,"_links":{"self":[{"href":"https:\/\/www.sudoestehoje.com.br\/novoportal\/wp-json\/wp\/v2\/posts\/90675","targetHints":{"allow":["GET"]}}],"collection":[{"href":"https:\/\/www.sudoestehoje.com.br\/novoportal\/wp-json\/wp\/v2\/posts"}],"about":[{"href":"https:\/\/www.sudoestehoje.com.br\/novoportal\/wp-json\/wp\/v2\/types\/post"}],"author":[{"embeddable":true,"href":"https:\/\/www.sudoestehoje.com.br\/novoportal\/wp-json\/wp\/v2\/users\/2"}],"replies":[{"embeddable":true,"href":"https:\/\/www.sudoestehoje.com.br\/novoportal\/wp-json\/wp\/v2\/comments?post=90675"}],"version-history":[{"count":2,"href":"https:\/\/www.sudoestehoje.com.br\/novoportal\/wp-json\/wp\/v2\/posts\/90675\/revisions"}],"predecessor-version":[{"id":90678,"href":"https:\/\/www.sudoestehoje.com.br\/novoportal\/wp-json\/wp\/v2\/posts\/90675\/revisions\/90678"}],"wp:featuredmedia":[{"embeddable":true,"href":"https:\/\/www.sudoestehoje.com.br\/novoportal\/wp-json\/wp\/v2\/media\/90676"}],"wp:attachment":[{"href":"https:\/\/www.sudoestehoje.com.br\/novoportal\/wp-json\/wp\/v2\/media?parent=90675"}],"wp:term":[{"taxonomy":"category","embeddable":true,"href":"https:\/\/www.sudoestehoje.com.br\/novoportal\/wp-json\/wp\/v2\/categories?post=90675"},{"taxonomy":"post_tag","embeddable":true,"href":"https:\/\/www.sudoestehoje.com.br\/novoportal\/wp-json\/wp\/v2\/tags?post=90675"}],"curies":[{"name":"wp","href":"https:\/\/api.w.org\/{rel}","templated":true}]}}