
{"id":9058,"date":"2011-09-26T12:52:29","date_gmt":"2011-09-26T15:52:29","guid":{"rendered":"http:\/\/www.sudoestehoje.com.br\/novoportal\/?p=9058"},"modified":"2011-09-26T12:52:29","modified_gmt":"2011-09-26T15:52:29","slug":"brumado-edmundo-agora-e-do-pt","status":"publish","type":"post","link":"https:\/\/www.sudoestehoje.com.br\/novoportal\/2011\/09\/26\/brumado-edmundo-agora-e-do-pt\/","title":{"rendered":"BRUMADO: EDMUNDO AGORA \u00c9 DO PT"},"content":{"rendered":"<p style=\"text-align: center;\"><img decoding=\"async\" class=\"aligncenter\" src=\"http:\/\/www.blogdoanderson.com\/v2\/wp-content\/uploads\/3748215758_de5c2235f0_o.jpg\" alt=\"\" width=\"400\" \/><\/p>\n<p>Depois de muitas especula\u00e7\u00f5es, o ex-vice-governador da Bahia, Edmundo Pereira, confirmou a sua sa\u00edda do PMDB e j\u00e1 est\u00e1 filiado no Partido dos Trabalhadores. Apesar de j\u00e1 ser apontado, Edmundo, que governou Brumado por tr\u00eas mandatos, descarta sua pr\u00e9-candidatura \u00e0 sucess\u00e3o de Eduardo Vasconcelos nas pr\u00f3ximas elei\u00e7\u00f5es municipais de 2012. Blog do Anderson<\/p>\n","protected":false},"excerpt":{"rendered":"<p>Depois de muitas especula\u00e7\u00f5es, o ex-vice-governador da Bahia, Edmundo Pereira, confirmou a sua sa\u00edda do PMDB e j\u00e1 est\u00e1 filiado no Partido dos Trabalhadores. Apesar de j\u00e1 ser apontado, Edmundo, que governou Brumado por tr\u00eas mandatos, descarta sua pr\u00e9-candidatura \u00e0 sucess\u00e3o de Eduardo Vasconcelos nas pr\u00f3ximas elei\u00e7\u00f5es municipais de 2012. Blog do Anderson<\/p>\n","protected":false},"author":2,"featured_media":0,"comment_status":"open","ping_status":"open","sticky":false,"template":"","format":"standard","meta":{"footnotes":"","_links_to":"","_links_to_target":""},"categories":[1],"tags":[],"class_list":["post-9058","post","type-post","status-publish","format-standard","hentry","category-geral"],"views":1126,"_links":{"self":[{"href":"https:\/\/www.sudoestehoje.com.br\/novoportal\/wp-json\/wp\/v2\/posts\/9058","targetHints":{"allow":["GET"]}}],"collection":[{"href":"https:\/\/www.sudoestehoje.com.br\/novoportal\/wp-json\/wp\/v2\/posts"}],"about":[{"href":"https:\/\/www.sudoestehoje.com.br\/novoportal\/wp-json\/wp\/v2\/types\/post"}],"author":[{"embeddable":true,"href":"https:\/\/www.sudoestehoje.com.br\/novoportal\/wp-json\/wp\/v2\/users\/2"}],"replies":[{"embeddable":true,"href":"https:\/\/www.sudoestehoje.com.br\/novoportal\/wp-json\/wp\/v2\/comments?post=9058"}],"version-history":[{"count":2,"href":"https:\/\/www.sudoestehoje.com.br\/novoportal\/wp-json\/wp\/v2\/posts\/9058\/revisions"}],"predecessor-version":[{"id":9060,"href":"https:\/\/www.sudoestehoje.com.br\/novoportal\/wp-json\/wp\/v2\/posts\/9058\/revisions\/9060"}],"wp:attachment":[{"href":"https:\/\/www.sudoestehoje.com.br\/novoportal\/wp-json\/wp\/v2\/media?parent=9058"}],"wp:term":[{"taxonomy":"category","embeddable":true,"href":"https:\/\/www.sudoestehoje.com.br\/novoportal\/wp-json\/wp\/v2\/categories?post=9058"},{"taxonomy":"post_tag","embeddable":true,"href":"https:\/\/www.sudoestehoje.com.br\/novoportal\/wp-json\/wp\/v2\/tags?post=9058"}],"curies":[{"name":"wp","href":"https:\/\/api.w.org\/{rel}","templated":true}]}}