
{"id":903,"date":"2010-10-04T02:06:53","date_gmt":"2010-10-04T05:06:53","guid":{"rendered":"http:\/\/sudoestehoje.tempsite.ws\/novoportal\/?p=903"},"modified":"2010-10-04T02:06:53","modified_gmt":"2010-10-04T05:06:53","slug":"eleicoes-lista-dos-deputados-estaduais-eleitos-na-bahia","status":"publish","type":"post","link":"https:\/\/www.sudoestehoje.com.br\/novoportal\/2010\/10\/04\/eleicoes-lista-dos-deputados-estaduais-eleitos-na-bahia\/","title":{"rendered":"Elei\u00e7\u00f5es: Lista dos deputados estaduais eleitos na Bahia"},"content":{"rendered":"<p style=\"text-align: center;\"><img decoding=\"async\" src=\"http:\/\/www.ozildoalves.com.br\/media\/upload\/img_publicacoes\/%7BA7D23DC4-C29F-4E37-8544-484AC2BA1C59%7D_plenariodaassembleia.jpg\" alt=\"\" \/><\/p>\n<p>A elei\u00e7\u00e3o do governador Jaques Wagner no 1\u00ba turno foi brindada com a vit\u00f3ria de seus aliados para a Assembleia Legislativa da Bahia. Com as elei\u00e7\u00f5es deste domingo (3), Wagner volta a ter maioria na AL-BA. Confira abaixo a lista com o nome dos 63 deputados estaduais baianos eleitos:<br \/>\n<strong>PRA FRENTE BAHIA\u00a0\u00a0 (Vagas: 26)<br \/>\n<\/strong>Marcelo Nilo (PDT) &#8211; \u00a0134.396\u00a0<br \/>\nM\u00e1rio Negromonte J\u00fanior (PP) &#8211; \u00a0113.193\u00a0<br \/>\nRonaldo Carletto (PP) &#8211; \u00a0101.433\u00a0<br \/>\nZ\u00e9 Neto (PT) &#8211; \u00a079.925\u00a0<br \/>\nLuiza Maia (PT) &#8211; \u00a079.806\u00a0<br \/>\nCac\u00e1 Le\u00e3o (PP) &#8211;\u00a078.528\u00a0<br \/>\nRoberto Carlos (PDT) &#8211; \u00a075.474\u00a0<br \/>\nZ\u00e9 Raimundo (PT) &#8211; \u00a070.257\u00a0<br \/>\nRosemberg Pinto (PT) &#8211; \u00a069.951\u00a0<br \/>\nEuclides Fernandes (PDT) &#8211; \u00a062.892\u00a0<br \/>\nSidelvan N\u00f3brega (PRB) &#8211; \u00a062.371\u00a0<br \/>\nMarcelino Galo (PT) &#8211; \u00a058.703\u00a0<br \/>\nF\u00e1tima Nunes (PT) &#8211; \u00a057.704\u00a0<br \/>\nPastor Jos\u00e9 De Arimat\u00e9ia (PRB) &#8211;\u00a056.849\u00a0<br \/>\nNeusa Cadore (PT) &#8211; \u00a056.095\u00a0<br \/>\nJoseildo Ramos (PT) &#8211; \u00a055.684\u00a0<br \/>\nPaulo Rangel (PT) &#8211; \u00a055.298\u00a0<br \/>\nMaria Del Carmen (PT) &#8211; \u00a053.700\u00a0<br \/>\nAderbal Caldas (PP) &#8211; \u00a053.108\u00a0<br \/>\nJo\u00e3o Bonfim (PDT) &#8211;\u00a046.730\u00a0<br \/>\nLuiz Augusto (PP) &#8211; \u00a045.412\u00a0<br \/>\nCoronel (PP) &#8211;\u00a040.994\u00a0<br \/>\nPaulo Camera (PDT) &#8211; \u00a040.427\u00a0<br \/>\nJ. Carlos (PT) &#8211; \u00a039.895\u00a0<br \/>\nBira Cor\u00f4a (PT) &#8211;\u00a039.222\u00a0<br \/>\nCarlos Brasileiro (PT) &#8211; \u00a038.804<br \/>\n<strong>MAIS A\u00c7\u00c3O, MAIS BAHIA\u00a0\u00a0 (Vagas: 15)<\/strong><br \/>\nMaria Luiza Carneiro (PSC) &#8211;\u00a065.583\u00a0<br \/>\nGra\u00e7a Pimenta (PR) &#8211; \u00a064.929\u00a0<br \/>\nLeur Lomanto Junior (PMDB) &#8211; \u00a050.431\u00a0<br \/>\nReinaldo Braga (PR) &#8211; \u00a048.157\u00a0<br \/>\nAlan Sanches (PMDB) &#8211; \u00a047.290\u00a0<br \/>\nSandro R\u00e9gis (PR) &#8211;\u00a046.746\u00a0<br \/>\nCarlos Ubaldino (PSC) &#8211; \u00a046.691\u00a0<br \/>\nIvana Bastos (PMDB) &#8211; \u00a046.079\u00a0<br \/>\nLuciano Sim\u00f5es (PMDB) &#8211; \u00a045.486\u00a0<br \/>\nTargino Machado (PSC) &#8211; \u00a045.262\u00a0<br \/>\nAngela Sousa (PSC) &#8211; \u00a043.537\u00a0<br \/>\nPedro Tavares (PMDB) &#8211; \u00a043.001\u00a0<br \/>\nTem\u00f3teo Brito (PMDB) &#8211; \u00a042.923\u00a0<br \/>\nVando (PSC) &#8211; \u00a039.632\u00a0<br \/>\nElmar (PR) &#8211; \u00a038.376<br \/>\n<strong>DEMOCRATAS\u00a0\u00a0 (Vagas: 5)<\/strong><br \/>\nTom (DEM) &#8211;\u00a061.579\u00a0<br \/>\nRog\u00e9rio Andrade (DEM) &#8211;\u00a060.136\u00a0<br \/>\nGildasio Penedo (DEM) &#8211;\u00a057.689\u00a0<br \/>\nHerbert Barbosa (DEM) &#8211;\u00a046.510\u00a0<br \/>\nPaulo Azi (DEM) &#8211;\u00a040.887<br \/>\n<strong>LUTA DE UMA BAHIA QUE TEM PRESSA\u00a0\u00a0 (Vagas: 4)<br \/>\n<\/strong>Claudia Oliveira (PT do B) &#8211; \u00a057.780\u00a0<br \/>\nBruno Reis (PRP) &#8211;\u00a055.189\u00a0<br \/>\nAdolfo Menezes (PRP) &#8211; \u00a052.106\u00a0<br \/>\nMaria Luiza Laudano (PT do B) &#8211;\u00a043.794<br \/>\n<strong>PARTIDO COMUNISTA DO BRASIL\u00a0\u00a0 (Vagas: 4)<\/strong><br \/>\nFabricio (PC do B) &#8211;\u00a051.923\u00a0<br \/>\n\u00c1lvaro Gomes \u00a0(PC do B) &#8211;\u00a038.441\u00a0<br \/>\nKelly Magalh\u00e3es (PC do B) &#8211;\u00a035.040\u00a0<br \/>\nWenceslau (PC do B) &#8211;\u00a031.802<br \/>\n<strong>A BAHIA QUER PAZ, A BAHIA QUER MAIS\u00a0\u00a0 (Vagas: 3)<\/strong><br \/>\nJoao Carlos Bacelar (PTN) &#8211; \u00a046.845\u00a0<br \/>\nCarlos Geilson (PTN) &#8211;\u00a036.998\u00a0<br \/>\nCoronel Gilberto Santana (PTN) &#8211;\u00a028.725<br \/>\n<strong>FRENTE DOIS DE JULHO\u00a0\u00a0 (Vagas: 3)<\/strong><br \/>\nDeraldo Damasceno (PSL) &#8211; \u00a065.284\u00a0<br \/>\nNelson Leal (PSL) &#8211;\u00a058.650\u00a0<br \/>\nPR SGT\u00ba Isidorio (PSB) &#8211; \u00a046.923<br \/>\n<strong>PARTIDO DA SOCIAL DEMOCRACIA BRASILEIRA\u00a0\u00a0 (Vagas: 2)<\/strong><br \/>\nAdolfo Viana (PSDB) &#8211;\u00a032.541\u00a0<br \/>\nAugusto Castro (PSDB) &#8211;\u00a030.951<br \/>\n<strong>PARTIDO VERDE\u00a0\u00a0 (Vagas: 1)<\/strong><br \/>\nEures Ribeiro (PV) &#8211;\u00a024.433<\/p>\n","protected":false},"excerpt":{"rendered":"<p>A elei\u00e7\u00e3o do governador Jaques Wagner no 1\u00ba turno foi brindada com a vit\u00f3ria de seus aliados para a Assembleia Legislativa da Bahia. Com as elei\u00e7\u00f5es deste domingo (3), Wagner volta a ter maioria na AL-BA. Confira abaixo a lista com o nome dos 63 deputados estaduais baianos eleitos: PRA FRENTE BAHIA\u00a0\u00a0 (Vagas: 26) Marcelo [&hellip;]<\/p>\n","protected":false},"author":2,"featured_media":0,"comment_status":"open","ping_status":"open","sticky":false,"template":"","format":"standard","meta":{"footnotes":"","_links_to":"","_links_to_target":""},"categories":[1],"tags":[],"class_list":["post-903","post","type-post","status-publish","format-standard","hentry","category-geral"],"views":1495,"_links":{"self":[{"href":"https:\/\/www.sudoestehoje.com.br\/novoportal\/wp-json\/wp\/v2\/posts\/903","targetHints":{"allow":["GET"]}}],"collection":[{"href":"https:\/\/www.sudoestehoje.com.br\/novoportal\/wp-json\/wp\/v2\/posts"}],"about":[{"href":"https:\/\/www.sudoestehoje.com.br\/novoportal\/wp-json\/wp\/v2\/types\/post"}],"author":[{"embeddable":true,"href":"https:\/\/www.sudoestehoje.com.br\/novoportal\/wp-json\/wp\/v2\/users\/2"}],"replies":[{"embeddable":true,"href":"https:\/\/www.sudoestehoje.com.br\/novoportal\/wp-json\/wp\/v2\/comments?post=903"}],"version-history":[{"count":2,"href":"https:\/\/www.sudoestehoje.com.br\/novoportal\/wp-json\/wp\/v2\/posts\/903\/revisions"}],"predecessor-version":[{"id":905,"href":"https:\/\/www.sudoestehoje.com.br\/novoportal\/wp-json\/wp\/v2\/posts\/903\/revisions\/905"}],"wp:attachment":[{"href":"https:\/\/www.sudoestehoje.com.br\/novoportal\/wp-json\/wp\/v2\/media?parent=903"}],"wp:term":[{"taxonomy":"category","embeddable":true,"href":"https:\/\/www.sudoestehoje.com.br\/novoportal\/wp-json\/wp\/v2\/categories?post=903"},{"taxonomy":"post_tag","embeddable":true,"href":"https:\/\/www.sudoestehoje.com.br\/novoportal\/wp-json\/wp\/v2\/tags?post=903"}],"curies":[{"name":"wp","href":"https:\/\/api.w.org\/{rel}","templated":true}]}}