
{"id":90298,"date":"2020-10-06T23:56:06","date_gmt":"2020-10-07T02:56:06","guid":{"rendered":"https:\/\/www.sudoestehoje.com.br\/novoportal\/?p=90298"},"modified":"2020-10-06T23:56:06","modified_gmt":"2020-10-07T02:56:06","slug":"deputado-estadual-targino-machado-tem-mandato-cassado-pelo-tse","status":"publish","type":"post","link":"https:\/\/www.sudoestehoje.com.br\/novoportal\/2020\/10\/06\/deputado-estadual-targino-machado-tem-mandato-cassado-pelo-tse\/","title":{"rendered":"DEPUTADO ESTADUAL TARGINO MACHADO TEM MANDATO CASSADO PELO TSE"},"content":{"rendered":"<p><a href=\"https:\/\/www.sudoestehoje.com.br\/novoportal\/wp-content\/uploads\/2020\/10\/Targino-Machado-1-990x660-1.jpg\"><img loading=\"lazy\" decoding=\"async\" class=\"aligncenter size-medium wp-image-90300\" src=\"https:\/\/www.sudoestehoje.com.br\/novoportal\/wp-content\/uploads\/2020\/10\/Targino-Machado-1-990x660-1-500x333.jpg\" alt=\"\" width=\"500\" height=\"333\" srcset=\"https:\/\/www.sudoestehoje.com.br\/novoportal\/wp-content\/uploads\/2020\/10\/Targino-Machado-1-990x660-1-500x333.jpg 500w, https:\/\/www.sudoestehoje.com.br\/novoportal\/wp-content\/uploads\/2020\/10\/Targino-Machado-1-990x660-1-700x467.jpg 700w, https:\/\/www.sudoestehoje.com.br\/novoportal\/wp-content\/uploads\/2020\/10\/Targino-Machado-1-990x660-1-768x512.jpg 768w, https:\/\/www.sudoestehoje.com.br\/novoportal\/wp-content\/uploads\/2020\/10\/Targino-Machado-1-990x660-1.jpg 990w\" sizes=\"auto, (max-width: 500px) 100vw, 500px\" \/><\/a><\/p>\n<p>O Tribunal Superior Eleitoral (TSE) decidiu cassar o mandato do deputado estadual Targino Machado em decis\u00e3o un\u00e2nime tomada na noite desta ter\u00e7a-feira (06). Na sess\u00e3o virtual, os sete ministros votaram favor\u00e1veis \u00e0 decis\u00e3o.<\/p>\n<p>Com a cassa\u00e7\u00e3o, quem deve assumir o mandato de forma definitiva \u00e9 o primeiro suplente, Thiago Correia (PSDB). Atualmente, ele ocupada a vaga do secret\u00e1rio municipal de Sa\u00fade, Leo Prates (PDT).<\/p>\n<p>O\u00a0Targino Machado \u00e9 acusado de abuso de poder por ter realizado atendimentos m\u00e9dicos em Feira de Santana quando era candidato em 2018.<\/p>\n<p>O resultado da vota\u00e7\u00e3o do TSE reverte a decis\u00e3o do Tribunal Regional Eleitoral (TRE-BA), tomada em dezembro de 2019, pela n\u00e3o cassa\u00e7\u00e3o do mandato.<\/p>\n","protected":false},"excerpt":{"rendered":"<p>O Tribunal Superior Eleitoral (TSE) decidiu cassar o mandato do deputado estadual Targino Machado em decis\u00e3o un\u00e2nime tomada na noite desta ter\u00e7a-feira (06). Na sess\u00e3o virtual, os sete ministros votaram favor\u00e1veis \u00e0 decis\u00e3o. Com a cassa\u00e7\u00e3o, quem deve assumir o mandato de forma definitiva \u00e9 o primeiro suplente, Thiago Correia (PSDB). Atualmente, ele ocupada a [&hellip;]<\/p>\n","protected":false},"author":2,"featured_media":90300,"comment_status":"open","ping_status":"open","sticky":false,"template":"","format":"standard","meta":{"footnotes":"","_links_to":"","_links_to_target":""},"categories":[1],"tags":[],"class_list":["post-90298","post","type-post","status-publish","format-standard","has-post-thumbnail","hentry","category-geral"],"views":1276,"_links":{"self":[{"href":"https:\/\/www.sudoestehoje.com.br\/novoportal\/wp-json\/wp\/v2\/posts\/90298","targetHints":{"allow":["GET"]}}],"collection":[{"href":"https:\/\/www.sudoestehoje.com.br\/novoportal\/wp-json\/wp\/v2\/posts"}],"about":[{"href":"https:\/\/www.sudoestehoje.com.br\/novoportal\/wp-json\/wp\/v2\/types\/post"}],"author":[{"embeddable":true,"href":"https:\/\/www.sudoestehoje.com.br\/novoportal\/wp-json\/wp\/v2\/users\/2"}],"replies":[{"embeddable":true,"href":"https:\/\/www.sudoestehoje.com.br\/novoportal\/wp-json\/wp\/v2\/comments?post=90298"}],"version-history":[{"count":2,"href":"https:\/\/www.sudoestehoje.com.br\/novoportal\/wp-json\/wp\/v2\/posts\/90298\/revisions"}],"predecessor-version":[{"id":90301,"href":"https:\/\/www.sudoestehoje.com.br\/novoportal\/wp-json\/wp\/v2\/posts\/90298\/revisions\/90301"}],"wp:featuredmedia":[{"embeddable":true,"href":"https:\/\/www.sudoestehoje.com.br\/novoportal\/wp-json\/wp\/v2\/media\/90300"}],"wp:attachment":[{"href":"https:\/\/www.sudoestehoje.com.br\/novoportal\/wp-json\/wp\/v2\/media?parent=90298"}],"wp:term":[{"taxonomy":"category","embeddable":true,"href":"https:\/\/www.sudoestehoje.com.br\/novoportal\/wp-json\/wp\/v2\/categories?post=90298"},{"taxonomy":"post_tag","embeddable":true,"href":"https:\/\/www.sudoestehoje.com.br\/novoportal\/wp-json\/wp\/v2\/tags?post=90298"}],"curies":[{"name":"wp","href":"https:\/\/api.w.org\/{rel}","templated":true}]}}