
{"id":90187,"date":"2020-10-01T20:45:33","date_gmt":"2020-10-01T23:45:33","guid":{"rendered":"https:\/\/www.sudoestehoje.com.br\/novoportal\/?p=90187"},"modified":"2020-10-01T20:45:33","modified_gmt":"2020-10-01T23:45:33","slug":"bolsonaro-confirma-desembargador-kassio-nunes-para-vaga-de-celso-de-mello-no-stf","status":"publish","type":"post","link":"https:\/\/www.sudoestehoje.com.br\/novoportal\/2020\/10\/01\/bolsonaro-confirma-desembargador-kassio-nunes-para-vaga-de-celso-de-mello-no-stf\/","title":{"rendered":"BOLSONARO CONFIRMA DESEMBARGADOR KASSIO NUNES PARA VAGA DE CELSO DE MELLO NO STF"},"content":{"rendered":"<p><a href=\"https:\/\/www.sudoestehoje.com.br\/novoportal\/wp-content\/uploads\/2020\/10\/kassio-nunes.jpg\"><img loading=\"lazy\" decoding=\"async\" class=\"aligncenter size-medium wp-image-90189\" src=\"https:\/\/www.sudoestehoje.com.br\/novoportal\/wp-content\/uploads\/2020\/10\/kassio-nunes-500x306.jpg\" alt=\"\" width=\"500\" height=\"306\" srcset=\"https:\/\/www.sudoestehoje.com.br\/novoportal\/wp-content\/uploads\/2020\/10\/kassio-nunes-500x306.jpg 500w, https:\/\/www.sudoestehoje.com.br\/novoportal\/wp-content\/uploads\/2020\/10\/kassio-nunes-700x429.jpg 700w, https:\/\/www.sudoestehoje.com.br\/novoportal\/wp-content\/uploads\/2020\/10\/kassio-nunes-768x470.jpg 768w, https:\/\/www.sudoestehoje.com.br\/novoportal\/wp-content\/uploads\/2020\/10\/kassio-nunes-1536x940.jpg 1536w, https:\/\/www.sudoestehoje.com.br\/novoportal\/wp-content\/uploads\/2020\/10\/kassio-nunes-2048x1254.jpg 2048w\" sizes=\"auto, (max-width: 500px) 100vw, 500px\" \/><\/a><\/p>\n<p>O presidente Jair Bolsonaro (sem partido) informou \u00e0 CNN Brasil, nesta quinta-feira (1\u00ba), que vai indicar o desembargador Kassio Nunes, do Tribunal Regional Federal da 1\u00b0 Regi\u00e3o (TRF-1), para a vaga do ministro Celso de Mello no Supremo Tribunal Federal.<\/p>\n<p>A indica\u00e7\u00e3o vai ser publicada nesta sexta-feira (2) no di\u00e1rio oficial da Uni\u00e3o.<\/p>\n<p>A informa\u00e7\u00e3o confirmada pelo chefe de Estado confirma a informa\u00e7\u00e3o publicada na \u00faltima quarta-feira (30) pelo colunista do jornal O Globo, Lauro Jardim<\/p>\n","protected":false},"excerpt":{"rendered":"<p>O presidente Jair Bolsonaro (sem partido) informou \u00e0 CNN Brasil, nesta quinta-feira (1\u00ba), que vai indicar o desembargador Kassio Nunes, do Tribunal Regional Federal da 1\u00b0 Regi\u00e3o (TRF-1), para a vaga do ministro Celso de Mello no Supremo Tribunal Federal. A indica\u00e7\u00e3o vai ser publicada nesta sexta-feira (2) no di\u00e1rio oficial da Uni\u00e3o. A informa\u00e7\u00e3o [&hellip;]<\/p>\n","protected":false},"author":2,"featured_media":90189,"comment_status":"open","ping_status":"open","sticky":false,"template":"","format":"standard","meta":{"footnotes":"","_links_to":"","_links_to_target":""},"categories":[1],"tags":[],"class_list":["post-90187","post","type-post","status-publish","format-standard","has-post-thumbnail","hentry","category-geral"],"views":911,"_links":{"self":[{"href":"https:\/\/www.sudoestehoje.com.br\/novoportal\/wp-json\/wp\/v2\/posts\/90187","targetHints":{"allow":["GET"]}}],"collection":[{"href":"https:\/\/www.sudoestehoje.com.br\/novoportal\/wp-json\/wp\/v2\/posts"}],"about":[{"href":"https:\/\/www.sudoestehoje.com.br\/novoportal\/wp-json\/wp\/v2\/types\/post"}],"author":[{"embeddable":true,"href":"https:\/\/www.sudoestehoje.com.br\/novoportal\/wp-json\/wp\/v2\/users\/2"}],"replies":[{"embeddable":true,"href":"https:\/\/www.sudoestehoje.com.br\/novoportal\/wp-json\/wp\/v2\/comments?post=90187"}],"version-history":[{"count":2,"href":"https:\/\/www.sudoestehoje.com.br\/novoportal\/wp-json\/wp\/v2\/posts\/90187\/revisions"}],"predecessor-version":[{"id":90190,"href":"https:\/\/www.sudoestehoje.com.br\/novoportal\/wp-json\/wp\/v2\/posts\/90187\/revisions\/90190"}],"wp:featuredmedia":[{"embeddable":true,"href":"https:\/\/www.sudoestehoje.com.br\/novoportal\/wp-json\/wp\/v2\/media\/90189"}],"wp:attachment":[{"href":"https:\/\/www.sudoestehoje.com.br\/novoportal\/wp-json\/wp\/v2\/media?parent=90187"}],"wp:term":[{"taxonomy":"category","embeddable":true,"href":"https:\/\/www.sudoestehoje.com.br\/novoportal\/wp-json\/wp\/v2\/categories?post=90187"},{"taxonomy":"post_tag","embeddable":true,"href":"https:\/\/www.sudoestehoje.com.br\/novoportal\/wp-json\/wp\/v2\/tags?post=90187"}],"curies":[{"name":"wp","href":"https:\/\/api.w.org\/{rel}","templated":true}]}}