
{"id":90133,"date":"2020-09-29T20:27:29","date_gmt":"2020-09-29T23:27:29","guid":{"rendered":"https:\/\/www.sudoestehoje.com.br\/novoportal\/?p=90133"},"modified":"2020-09-29T20:27:29","modified_gmt":"2020-09-29T23:27:29","slug":"tcm-divulga-lista-dos-gestores-municipais-com-contas-rejeitadas-veja-lista","status":"publish","type":"post","link":"https:\/\/www.sudoestehoje.com.br\/novoportal\/2020\/09\/29\/tcm-divulga-lista-dos-gestores-municipais-com-contas-rejeitadas-veja-lista\/","title":{"rendered":"TCM DIVULGA LISTA DOS GESTORES MUNICIPAIS COM CONTAS REJEITADAS; VEJA LISTA"},"content":{"rendered":"<p><a href=\"https:\/\/www.sudoestehoje.com.br\/novoportal\/wp-content\/uploads\/2020\/09\/TCM-LISTA.jpg\"><img loading=\"lazy\" decoding=\"async\" class=\"aligncenter size-medium wp-image-90135\" src=\"https:\/\/www.sudoestehoje.com.br\/novoportal\/wp-content\/uploads\/2020\/09\/TCM-LISTA-500x281.jpg\" alt=\"\" width=\"500\" height=\"281\" srcset=\"https:\/\/www.sudoestehoje.com.br\/novoportal\/wp-content\/uploads\/2020\/09\/TCM-LISTA-500x281.jpg 500w, https:\/\/www.sudoestehoje.com.br\/novoportal\/wp-content\/uploads\/2020\/09\/TCM-LISTA-700x394.jpg 700w, https:\/\/www.sudoestehoje.com.br\/novoportal\/wp-content\/uploads\/2020\/09\/TCM-LISTA-768x432.jpg 768w, https:\/\/www.sudoestehoje.com.br\/novoportal\/wp-content\/uploads\/2020\/09\/TCM-LISTA.jpg 1280w\" sizes=\"auto, (max-width: 500px) 100vw, 500px\" \/><\/a><\/p>\n<p>O Tribunal de Contas dos Munic\u00edpios da Bahia divulgou nesta segunda-feira (28), a rela\u00e7\u00e3o dos 1.149 gestores p\u00fablicos baianos que tiveram contas anuais rejeitadas; termos de ocorr\u00eancia, den\u00fancias ou auditorias julgados procedentes. Na lista encaminhada pelo TCM foram relacionados os nomes que sofreram puni\u00e7\u00e3o nos \u00faltimos oito anos durante o exame de 2.014 processos.<\/p>\n<p>A rela\u00e7\u00e3o \u00e9 composta por 960 presta\u00e7\u00f5es de contas de prefeituras; 127 processos de presta\u00e7\u00e3o de contas de c\u00e2maras de vereadores; 62 processos relacionados a empresas p\u00fablicas ou institui\u00e7\u00f5es descentralizadas; 247 processos de contas de recursos repassados a institui\u00e7\u00f5es privadas de interesse p\u00fablico; e ainda 618 processos relacionados a den\u00fancias, termos de ocorr\u00eancia e auditorias realizadas pelos t\u00e9cnicos do tribunal.<\/p>\n<p>O fato de o nome de um gestor constar nas listas apresentadas ao TRE pelos tribunais de contas n\u00e3o significa, por\u00e9m, que ele seja ineleg\u00edvel para as pr\u00f3ximas elei\u00e7\u00f5es. A decis\u00e3o caber\u00e1 \u00e0 Justi\u00e7a Eleitoral. Isto porque, de acordo com a Lei Complementar 64\/90, devem ser afastados da disputa eleitoral por oito anos aqueles \u201cque tiveram suas contas relativas ao exerc\u00edcio de cargos ou fun\u00e7\u00f5es p\u00fablicas rejeitadas por irregularidade insan\u00e1vel que configure ato doloso de improbidade administrativa, salvo se esta houver sido suspensa ou anulada pelo Poder Judici\u00e1rio\u201d.<\/p>\n<p>Deve \u00e0 Justi\u00e7a Eleitoral, assim, julgar se as raz\u00f5es que levaram \u00e0 rejei\u00e7\u00e3o das contas se enquadram ou n\u00e3o nos dispositivos da chamada Lei da Ficha Limpa, e se, de fato, s\u00e3o impeditivas para a disputa eleitoral.<\/p>\n<p><strong>Veja as listas:<\/strong><\/p>\n<p><a href=\"https:\/\/www.tcm.ba.gov.br\/wp-content\/uploads\/2020\/09\/01_-lista-gestores-prefeituras_rejeitadas_tre_23-09.pdf\" target=\"_blank\" rel=\"noopener noreferrer\"><strong>Lista Gestores Prefeituras Rejeitadas<\/strong><\/a><\/p>\n<p><strong><a href=\"https:\/\/www.tcm.ba.gov.br\/wp-content\/uploads\/2020\/09\/02_-lista-gestores-camaras_rejeitadas_tre_23-09.pdf\" target=\"_blank\" rel=\"noopener noreferrer\">Lista Gestores C\u00e2maras Rejeitadas<\/a><\/strong><\/p>\n<p><a href=\"https:\/\/www.tcm.ba.gov.br\/wp-content\/uploads\/2020\/09\/03_-lista-gestores-descentralizadas_rejeitadas_tre_23-09.pdf\" target=\"_blank\" rel=\"noopener noreferrer\"><strong>Lista Gestores Descentralizadas Rejeitadas<\/strong><\/a><\/p>\n<p><a href=\"https:\/\/www.tcm.ba.gov.br\/wp-content\/uploads\/2020\/09\/04_-lista-gestores-recursosrepassados_irregulares_tre_23-09.pdf\" target=\"_blank\" rel=\"noopener noreferrer\"><strong>Lista Gestores Recursos Repassados Irregulares<\/strong><\/a><\/p>\n<p><a href=\"https:\/\/www.tcm.ba.gov.br\/wp-content\/uploads\/2020\/09\/05_-lista-gestores-denuncias-tocs_irregulares_tre_23-09.pdf\" target=\"_blank\" rel=\"noopener noreferrer\"><strong>Lista Gestores Den\u00fancias, Termo De Ocorr\u00eancia E Auditoria<\/strong><\/a><\/p>\n","protected":false},"excerpt":{"rendered":"<p>O Tribunal de Contas dos Munic\u00edpios da Bahia divulgou nesta segunda-feira (28), a rela\u00e7\u00e3o dos 1.149 gestores p\u00fablicos baianos que tiveram contas anuais rejeitadas; termos de ocorr\u00eancia, den\u00fancias ou auditorias julgados procedentes. Na lista encaminhada pelo TCM foram relacionados os nomes que sofreram puni\u00e7\u00e3o nos \u00faltimos oito anos durante o exame de 2.014 processos. A [&hellip;]<\/p>\n","protected":false},"author":2,"featured_media":90135,"comment_status":"open","ping_status":"open","sticky":false,"template":"","format":"standard","meta":{"footnotes":"","_links_to":"","_links_to_target":""},"categories":[1],"tags":[],"class_list":["post-90133","post","type-post","status-publish","format-standard","has-post-thumbnail","hentry","category-geral"],"views":1192,"_links":{"self":[{"href":"https:\/\/www.sudoestehoje.com.br\/novoportal\/wp-json\/wp\/v2\/posts\/90133","targetHints":{"allow":["GET"]}}],"collection":[{"href":"https:\/\/www.sudoestehoje.com.br\/novoportal\/wp-json\/wp\/v2\/posts"}],"about":[{"href":"https:\/\/www.sudoestehoje.com.br\/novoportal\/wp-json\/wp\/v2\/types\/post"}],"author":[{"embeddable":true,"href":"https:\/\/www.sudoestehoje.com.br\/novoportal\/wp-json\/wp\/v2\/users\/2"}],"replies":[{"embeddable":true,"href":"https:\/\/www.sudoestehoje.com.br\/novoportal\/wp-json\/wp\/v2\/comments?post=90133"}],"version-history":[{"count":2,"href":"https:\/\/www.sudoestehoje.com.br\/novoportal\/wp-json\/wp\/v2\/posts\/90133\/revisions"}],"predecessor-version":[{"id":90136,"href":"https:\/\/www.sudoestehoje.com.br\/novoportal\/wp-json\/wp\/v2\/posts\/90133\/revisions\/90136"}],"wp:featuredmedia":[{"embeddable":true,"href":"https:\/\/www.sudoestehoje.com.br\/novoportal\/wp-json\/wp\/v2\/media\/90135"}],"wp:attachment":[{"href":"https:\/\/www.sudoestehoje.com.br\/novoportal\/wp-json\/wp\/v2\/media?parent=90133"}],"wp:term":[{"taxonomy":"category","embeddable":true,"href":"https:\/\/www.sudoestehoje.com.br\/novoportal\/wp-json\/wp\/v2\/categories?post=90133"},{"taxonomy":"post_tag","embeddable":true,"href":"https:\/\/www.sudoestehoje.com.br\/novoportal\/wp-json\/wp\/v2\/tags?post=90133"}],"curies":[{"name":"wp","href":"https:\/\/api.w.org\/{rel}","templated":true}]}}