
{"id":90114,"date":"2020-09-27T18:50:14","date_gmt":"2020-09-27T21:50:14","guid":{"rendered":"https:\/\/www.sudoestehoje.com.br\/novoportal\/?p=90114"},"modified":"2020-09-27T18:50:14","modified_gmt":"2020-09-27T21:50:14","slug":"leo-matos-deixa-uti-e-ja-se-recupera-em-quarto-no-hospital-santo-amaro","status":"publish","type":"post","link":"https:\/\/www.sudoestehoje.com.br\/novoportal\/2020\/09\/27\/leo-matos-deixa-uti-e-ja-se-recupera-em-quarto-no-hospital-santo-amaro\/","title":{"rendered":"L\u00c9O MATOS DEIXA UTI E J\u00c1 SE RECUPERA EM QUARTO NO HOSPITAL SANTO AMARO"},"content":{"rendered":"<p><a href=\"https:\/\/www.sudoestehoje.com.br\/novoportal\/wp-content\/uploads\/2020\/09\/leo-ap.jpeg\"><img loading=\"lazy\" decoding=\"async\" class=\"aligncenter size-medium wp-image-90118\" src=\"https:\/\/www.sudoestehoje.com.br\/novoportal\/wp-content\/uploads\/2020\/09\/leo-ap-500x446.jpeg\" alt=\"\" width=\"500\" height=\"446\" srcset=\"https:\/\/www.sudoestehoje.com.br\/novoportal\/wp-content\/uploads\/2020\/09\/leo-ap-500x446.jpeg 500w, https:\/\/www.sudoestehoje.com.br\/novoportal\/wp-content\/uploads\/2020\/09\/leo-ap.jpeg 640w\" sizes=\"auto, (max-width: 500px) 100vw, 500px\" \/><\/a><\/p>\n<p><em><strong>Por Davi Ferraz<\/strong><\/em><\/p>\n<p>Internado h\u00e1 7 dias na UTI do Hospital Santo Amaro, em Salvador, para tratamento de Covid-19, o pr\u00e9-candidato a vereador pelo PSD, L\u00e9o Matos, apresentou melhora no seu quadro de sa\u00fade e foi transferido neste domingo (27) para um apartamento no mesmo hospital, onde continuar\u00e1 a sua recupera\u00e7\u00e3o.<\/p>\n<p>Atrav\u00e9s das redes sociais, L\u00e9o encaminhou mensagem a amigos e apoiadores agradecendo as ora\u00e7\u00f5es e toda a for\u00e7a que vem recebendo, neste neste momento de luta.<strong><em> Confira a mensagem:<\/em><\/strong><\/p>\n<p><em>&#8220;Iniciando \u00e0 tarde deste domingo (27), com boas not\u00edcias. Gra\u00e7as a Deus, sai da Unidade de Terapia Intensiva &#8211; UTI, ap\u00f3s v\u00e1rios dias. <\/em><em>Agrade\u00e7o a Deus, B\u00e1rbara, Dr Reinaldo, Dr Carlos, ao nosso amigo de sempre Ant\u00f4nio Brito, minha fam\u00edlia, aos profissionais de Sa\u00fade e voc\u00eas, meus amigos pelas ora\u00e7\u00f5es.\u00a0<\/em><em>Sem o agir de d\u2019Ele nada \u00e9 poss\u00edvel. Deus transforma choro em sorriso, fraqueza em for\u00e7a e fraqueza em f\u00e9!\u00a0<\/em><em>\u201cEu disse essas coisas para que em mim voc\u00eas tenham paz. Neste mundo voc\u00eas ter\u00e3o afli\u00e7\u00f5es; contudo, tenham \u00e2nimo! Eu venci o mundo&#8221;.\u00a0<\/em><em>(Jo\u00e3o 16:33).\u00a0<\/em><em>Sigo na Capital me recuperando para em breve estarmos juntos lutando por mais Sa\u00fade para nossa amada Itapetinga.\u00a0<\/em><em>Que Deus continue aben\u00e7oando e iluminando voc\u00eas.\u00a0<\/em><em>Um excelente tarde para todos!&#8221;<\/em><\/p>\n","protected":false},"excerpt":{"rendered":"<p>Por Davi Ferraz Internado h\u00e1 7 dias na UTI do Hospital Santo Amaro, em Salvador, para tratamento de Covid-19, o pr\u00e9-candidato a vereador pelo PSD, L\u00e9o Matos, apresentou melhora no seu quadro de sa\u00fade e foi transferido neste domingo (27) para um apartamento no mesmo hospital, onde continuar\u00e1 a sua recupera\u00e7\u00e3o. Atrav\u00e9s das redes sociais, [&hellip;]<\/p>\n","protected":false},"author":2,"featured_media":90118,"comment_status":"open","ping_status":"open","sticky":false,"template":"","format":"standard","meta":{"footnotes":"","_links_to":"","_links_to_target":""},"categories":[1],"tags":[],"class_list":["post-90114","post","type-post","status-publish","format-standard","has-post-thumbnail","hentry","category-geral"],"views":1547,"_links":{"self":[{"href":"https:\/\/www.sudoestehoje.com.br\/novoportal\/wp-json\/wp\/v2\/posts\/90114","targetHints":{"allow":["GET"]}}],"collection":[{"href":"https:\/\/www.sudoestehoje.com.br\/novoportal\/wp-json\/wp\/v2\/posts"}],"about":[{"href":"https:\/\/www.sudoestehoje.com.br\/novoportal\/wp-json\/wp\/v2\/types\/post"}],"author":[{"embeddable":true,"href":"https:\/\/www.sudoestehoje.com.br\/novoportal\/wp-json\/wp\/v2\/users\/2"}],"replies":[{"embeddable":true,"href":"https:\/\/www.sudoestehoje.com.br\/novoportal\/wp-json\/wp\/v2\/comments?post=90114"}],"version-history":[{"count":5,"href":"https:\/\/www.sudoestehoje.com.br\/novoportal\/wp-json\/wp\/v2\/posts\/90114\/revisions"}],"predecessor-version":[{"id":90120,"href":"https:\/\/www.sudoestehoje.com.br\/novoportal\/wp-json\/wp\/v2\/posts\/90114\/revisions\/90120"}],"wp:featuredmedia":[{"embeddable":true,"href":"https:\/\/www.sudoestehoje.com.br\/novoportal\/wp-json\/wp\/v2\/media\/90118"}],"wp:attachment":[{"href":"https:\/\/www.sudoestehoje.com.br\/novoportal\/wp-json\/wp\/v2\/media?parent=90114"}],"wp:term":[{"taxonomy":"category","embeddable":true,"href":"https:\/\/www.sudoestehoje.com.br\/novoportal\/wp-json\/wp\/v2\/categories?post=90114"},{"taxonomy":"post_tag","embeddable":true,"href":"https:\/\/www.sudoestehoje.com.br\/novoportal\/wp-json\/wp\/v2\/tags?post=90114"}],"curies":[{"name":"wp","href":"https:\/\/api.w.org\/{rel}","templated":true}]}}