
{"id":90110,"date":"2020-09-27T11:15:13","date_gmt":"2020-09-27T14:15:13","guid":{"rendered":"https:\/\/www.sudoestehoje.com.br\/novoportal\/?p=90110"},"modified":"2020-09-27T11:18:19","modified_gmt":"2020-09-27T14:18:19","slug":"pandemia-manaus-vive-2a-onda-de-covid-19-aponta-pesquisa-da-fiocruz","status":"publish","type":"post","link":"https:\/\/www.sudoestehoje.com.br\/novoportal\/2020\/09\/27\/pandemia-manaus-vive-2a-onda-de-covid-19-aponta-pesquisa-da-fiocruz\/","title":{"rendered":"PANDEMIA: MANAUS VIVE 2\u00aa ONDA DE COVID-19, APONTA PESQUISA DA FIOCRUZ"},"content":{"rendered":"<p><a href=\"https:\/\/www.sudoestehoje.com.br\/novoportal\/wp-content\/uploads\/2020\/09\/Manaus_foto_Alex-Pazuello1.jpg\"><img loading=\"lazy\" decoding=\"async\" class=\"aligncenter size-medium wp-image-90112\" src=\"https:\/\/www.sudoestehoje.com.br\/novoportal\/wp-content\/uploads\/2020\/09\/Manaus_foto_Alex-Pazuello1-500x350.jpg\" alt=\"\" width=\"500\" height=\"350\" srcset=\"https:\/\/www.sudoestehoje.com.br\/novoportal\/wp-content\/uploads\/2020\/09\/Manaus_foto_Alex-Pazuello1-500x350.jpg 500w, https:\/\/www.sudoestehoje.com.br\/novoportal\/wp-content\/uploads\/2020\/09\/Manaus_foto_Alex-Pazuello1.jpg 600w\" sizes=\"auto, (max-width: 500px) 100vw, 500px\" \/><\/a><\/p>\n<p>A cidade de Manaus (AM) vive uma segunda onda de cont\u00e1gio do coronav\u00edrus, conforme apontou uma pesquisa realizada pela Funda\u00e7\u00e3o Oswaldo Cruz (Fiocruz). O \u00f3rg\u00e3o sugere a ado\u00e7\u00e3o de lockdown para conter a prolifera\u00e7\u00e3o do v\u00edrus.<\/p>\n<p>O governo do Amazonas optou por fechar bares e casas noturnas na \u00faltima sexta-feira (25), ap\u00f3s identificar o aumento do n\u00famero de casos da Covid-19.<\/p>\n<p><em>\u201c\u00c9 indubit\u00e1vel que estamos em uma segunda onda em Manaus, que estamos tendo um elevando n\u00famero de hospitaliza\u00e7\u00f5es por casos graves de s\u00edndromes respirat\u00f3ria aguda grave. Esse tipo de cen\u00e1rio epidemiol\u00f3gico em que se tem a Prefeitura aumentando os atendimentos nas unidades b\u00e1sicas de sa\u00fade, voc\u00ea tem o governo do estado aumentando o n\u00famero de leitos para interna\u00e7\u00e3o por casos suspeitos e confirmados de covid-19, \u00e9 completamente incompat\u00edvel com a tese de que temos imunidade de rebanho\u201d<\/em>, disse o autor do estudo, o pesquisador Jesem Orellana, em entrevista \u00e0 Globonews.<\/p>\n<p>Manaus tem 49.237 pessoas infectadas e 2.487 mortes pelo novo coronav\u00edrus desde o in\u00edcio da pandemia.<\/p>\n","protected":false},"excerpt":{"rendered":"<p>A cidade de Manaus (AM) vive uma segunda onda de cont\u00e1gio do coronav\u00edrus, conforme apontou uma pesquisa realizada pela Funda\u00e7\u00e3o Oswaldo Cruz (Fiocruz). O \u00f3rg\u00e3o sugere a ado\u00e7\u00e3o de lockdown para conter a prolifera\u00e7\u00e3o do v\u00edrus. O governo do Amazonas optou por fechar bares e casas noturnas na \u00faltima sexta-feira (25), ap\u00f3s identificar o aumento [&hellip;]<\/p>\n","protected":false},"author":2,"featured_media":90112,"comment_status":"open","ping_status":"open","sticky":false,"template":"","format":"standard","meta":{"footnotes":"","_links_to":"","_links_to_target":""},"categories":[1],"tags":[],"class_list":["post-90110","post","type-post","status-publish","format-standard","has-post-thumbnail","hentry","category-geral"],"views":836,"_links":{"self":[{"href":"https:\/\/www.sudoestehoje.com.br\/novoportal\/wp-json\/wp\/v2\/posts\/90110","targetHints":{"allow":["GET"]}}],"collection":[{"href":"https:\/\/www.sudoestehoje.com.br\/novoportal\/wp-json\/wp\/v2\/posts"}],"about":[{"href":"https:\/\/www.sudoestehoje.com.br\/novoportal\/wp-json\/wp\/v2\/types\/post"}],"author":[{"embeddable":true,"href":"https:\/\/www.sudoestehoje.com.br\/novoportal\/wp-json\/wp\/v2\/users\/2"}],"replies":[{"embeddable":true,"href":"https:\/\/www.sudoestehoje.com.br\/novoportal\/wp-json\/wp\/v2\/comments?post=90110"}],"version-history":[{"count":2,"href":"https:\/\/www.sudoestehoje.com.br\/novoportal\/wp-json\/wp\/v2\/posts\/90110\/revisions"}],"predecessor-version":[{"id":90113,"href":"https:\/\/www.sudoestehoje.com.br\/novoportal\/wp-json\/wp\/v2\/posts\/90110\/revisions\/90113"}],"wp:featuredmedia":[{"embeddable":true,"href":"https:\/\/www.sudoestehoje.com.br\/novoportal\/wp-json\/wp\/v2\/media\/90112"}],"wp:attachment":[{"href":"https:\/\/www.sudoestehoje.com.br\/novoportal\/wp-json\/wp\/v2\/media?parent=90110"}],"wp:term":[{"taxonomy":"category","embeddable":true,"href":"https:\/\/www.sudoestehoje.com.br\/novoportal\/wp-json\/wp\/v2\/categories?post=90110"},{"taxonomy":"post_tag","embeddable":true,"href":"https:\/\/www.sudoestehoje.com.br\/novoportal\/wp-json\/wp\/v2\/tags?post=90110"}],"curies":[{"name":"wp","href":"https:\/\/api.w.org\/{rel}","templated":true}]}}