
{"id":90105,"date":"2020-09-27T10:51:35","date_gmt":"2020-09-27T13:51:35","guid":{"rendered":"https:\/\/www.sudoestehoje.com.br\/novoportal\/?p=90105"},"modified":"2020-09-27T10:51:35","modified_gmt":"2020-09-27T13:51:35","slug":"eleicoes-2020-propaganda-eleitoral-esta-liberada-a-partir-deste-domingo","status":"publish","type":"post","link":"https:\/\/www.sudoestehoje.com.br\/novoportal\/2020\/09\/27\/eleicoes-2020-propaganda-eleitoral-esta-liberada-a-partir-deste-domingo\/","title":{"rendered":"ELEI\u00c7\u00d5ES 2020: PROPAGANDA ELEITORAL EST\u00c1 LIBERADA A PARTIR DESTE DOMINGO"},"content":{"rendered":"<p><a href=\"https:\/\/www.sudoestehoje.com.br\/novoportal\/wp-content\/uploads\/2020\/09\/cabos-eleitorais.jpg\"><img loading=\"lazy\" decoding=\"async\" class=\"aligncenter  wp-image-90108\" src=\"https:\/\/www.sudoestehoje.com.br\/novoportal\/wp-content\/uploads\/2020\/09\/cabos-eleitorais.jpg\" alt=\"\" width=\"501\" height=\"314\" \/><\/a><\/p>\n<p>Os candidatos nas elei\u00e7\u00f5es municipais deste ano est\u00e3o autorizados a fazer a propaganda eleitoral a partir deste domingo (27). A data foi estipulada pelo Tribunal Superior Eleitoral (TSE).<\/p>\n<p>No \u00faltimo s\u00e1bado (26), se esgotou o prazo para a inscri\u00e7\u00e3o de candidatos para a campanha deste ano. Agora, os postulantes aos Executivos e Legislativos de cada cidade podem fazer propaganda nas ruas e na internet. J\u00e1 no dia 9 de outubro, ter\u00e1 in\u00edcio a propaganda eleitoral gratuita na TV e no r\u00e1dio.<\/p>\n<p>O primeiro turno das elei\u00e7\u00f5es neste ano ser\u00e1 realizado no dia 15 de novembro. O segundo turno, por sua vez, no dia 29 de novembro.<\/p>\n","protected":false},"excerpt":{"rendered":"<p>Os candidatos nas elei\u00e7\u00f5es municipais deste ano est\u00e3o autorizados a fazer a propaganda eleitoral a partir deste domingo (27). A data foi estipulada pelo Tribunal Superior Eleitoral (TSE). No \u00faltimo s\u00e1bado (26), se esgotou o prazo para a inscri\u00e7\u00e3o de candidatos para a campanha deste ano. Agora, os postulantes aos Executivos e Legislativos de cada [&hellip;]<\/p>\n","protected":false},"author":2,"featured_media":90108,"comment_status":"open","ping_status":"open","sticky":false,"template":"","format":"standard","meta":{"footnotes":"","_links_to":"","_links_to_target":""},"categories":[1],"tags":[],"class_list":["post-90105","post","type-post","status-publish","format-standard","has-post-thumbnail","hentry","category-geral"],"views":873,"_links":{"self":[{"href":"https:\/\/www.sudoestehoje.com.br\/novoportal\/wp-json\/wp\/v2\/posts\/90105","targetHints":{"allow":["GET"]}}],"collection":[{"href":"https:\/\/www.sudoestehoje.com.br\/novoportal\/wp-json\/wp\/v2\/posts"}],"about":[{"href":"https:\/\/www.sudoestehoje.com.br\/novoportal\/wp-json\/wp\/v2\/types\/post"}],"author":[{"embeddable":true,"href":"https:\/\/www.sudoestehoje.com.br\/novoportal\/wp-json\/wp\/v2\/users\/2"}],"replies":[{"embeddable":true,"href":"https:\/\/www.sudoestehoje.com.br\/novoportal\/wp-json\/wp\/v2\/comments?post=90105"}],"version-history":[{"count":3,"href":"https:\/\/www.sudoestehoje.com.br\/novoportal\/wp-json\/wp\/v2\/posts\/90105\/revisions"}],"predecessor-version":[{"id":90109,"href":"https:\/\/www.sudoestehoje.com.br\/novoportal\/wp-json\/wp\/v2\/posts\/90105\/revisions\/90109"}],"wp:featuredmedia":[{"embeddable":true,"href":"https:\/\/www.sudoestehoje.com.br\/novoportal\/wp-json\/wp\/v2\/media\/90108"}],"wp:attachment":[{"href":"https:\/\/www.sudoestehoje.com.br\/novoportal\/wp-json\/wp\/v2\/media?parent=90105"}],"wp:term":[{"taxonomy":"category","embeddable":true,"href":"https:\/\/www.sudoestehoje.com.br\/novoportal\/wp-json\/wp\/v2\/categories?post=90105"},{"taxonomy":"post_tag","embeddable":true,"href":"https:\/\/www.sudoestehoje.com.br\/novoportal\/wp-json\/wp\/v2\/tags?post=90105"}],"curies":[{"name":"wp","href":"https:\/\/api.w.org\/{rel}","templated":true}]}}