
{"id":90089,"date":"2020-09-24T13:05:06","date_gmt":"2020-09-24T16:05:06","guid":{"rendered":"https:\/\/www.sudoestehoje.com.br\/novoportal\/?p=90089"},"modified":"2020-09-24T13:05:06","modified_gmt":"2020-09-24T16:05:06","slug":"fundacao-jose-silveira-faz-video-conferencia-sobre-teleatendimento-para-reabilitacao-da-pessoa-com-deficiencia","status":"publish","type":"post","link":"https:\/\/www.sudoestehoje.com.br\/novoportal\/2020\/09\/24\/fundacao-jose-silveira-faz-video-conferencia-sobre-teleatendimento-para-reabilitacao-da-pessoa-com-deficiencia\/","title":{"rendered":"FUNDA\u00c7\u00c3O JOS\u00c9 SILVEIRA FAZ V\u00cdDEO CONFER\u00caNCIA SOBRE TELEATENDIMENTO PARA REABILITA\u00c7\u00c3O DA PESSOA COM DEFICI\u00caNCIA"},"content":{"rendered":"<p><a href=\"https:\/\/www.sudoestehoje.com.br\/novoportal\/wp-content\/uploads\/2020\/09\/WEBNAR.jpeg\"><img loading=\"lazy\" decoding=\"async\" class=\"aligncenter size-medium wp-image-90091\" src=\"https:\/\/www.sudoestehoje.com.br\/novoportal\/wp-content\/uploads\/2020\/09\/WEBNAR-500x357.jpeg\" alt=\"\" width=\"500\" height=\"357\" srcset=\"https:\/\/www.sudoestehoje.com.br\/novoportal\/wp-content\/uploads\/2020\/09\/WEBNAR-500x357.jpeg 500w, https:\/\/www.sudoestehoje.com.br\/novoportal\/wp-content\/uploads\/2020\/09\/WEBNAR-700x500.jpeg 700w, https:\/\/www.sudoestehoje.com.br\/novoportal\/wp-content\/uploads\/2020\/09\/WEBNAR-768x548.jpeg 768w, https:\/\/www.sudoestehoje.com.br\/novoportal\/wp-content\/uploads\/2020\/09\/WEBNAR.jpeg 1280w\" sizes=\"auto, (max-width: 500px) 100vw, 500px\" \/><\/a><\/p>\n<p>As conquistas do teleatendimento para a reabilita\u00e7\u00e3o da pessoa com defici\u00eancia s\u00e3o o tema do webinar (videoconfer\u00eancia) a ser realizado pela Funda\u00e7\u00e3o Jos\u00e9 Silveira (FJS), por meio do seu Centro de Pesquisa e Inova\u00e7\u00e3o, nessa sexta-feira (25), \u00e0s 16h. Para participar, \u00e9 s\u00f3 clicar no link https:\/\/zoom.us\/j\/91860979594.<\/p>\n<p>O tema ser\u00e1 abordado por profissionais que atuam nas tr\u00eas unidades de reabilita\u00e7\u00e3o da FJS, o IBR, o Centro de Reabilita\u00e7\u00e3o da Santa Casa de Jequi\u00e9 e o Centro de Reabilita\u00e7\u00e3o da Ribeira.<\/p>\n<p>A iniciativa marca a passagem do Dia Nacional de Luta da Pessoa com Defici\u00eancia e apresenta o trabalho qualificado da Funda\u00e7\u00e3o Jos\u00e9 Silveira, em coopera\u00e7\u00e3o t\u00e9cnica com a AACD (Associa\u00e7\u00e3o de Assist\u00eancia \u00e0 Crian\u00e7a Deficiente).<\/p>\n","protected":false},"excerpt":{"rendered":"<p>As conquistas do teleatendimento para a reabilita\u00e7\u00e3o da pessoa com defici\u00eancia s\u00e3o o tema do webinar (videoconfer\u00eancia) a ser realizado pela Funda\u00e7\u00e3o Jos\u00e9 Silveira (FJS), por meio do seu Centro de Pesquisa e Inova\u00e7\u00e3o, nessa sexta-feira (25), \u00e0s 16h. Para participar, \u00e9 s\u00f3 clicar no link https:\/\/zoom.us\/j\/91860979594. O tema ser\u00e1 abordado por profissionais que atuam [&hellip;]<\/p>\n","protected":false},"author":2,"featured_media":90091,"comment_status":"open","ping_status":"open","sticky":false,"template":"","format":"standard","meta":{"footnotes":"","_links_to":"","_links_to_target":""},"categories":[1],"tags":[],"class_list":["post-90089","post","type-post","status-publish","format-standard","has-post-thumbnail","hentry","category-geral"],"views":827,"_links":{"self":[{"href":"https:\/\/www.sudoestehoje.com.br\/novoportal\/wp-json\/wp\/v2\/posts\/90089","targetHints":{"allow":["GET"]}}],"collection":[{"href":"https:\/\/www.sudoestehoje.com.br\/novoportal\/wp-json\/wp\/v2\/posts"}],"about":[{"href":"https:\/\/www.sudoestehoje.com.br\/novoportal\/wp-json\/wp\/v2\/types\/post"}],"author":[{"embeddable":true,"href":"https:\/\/www.sudoestehoje.com.br\/novoportal\/wp-json\/wp\/v2\/users\/2"}],"replies":[{"embeddable":true,"href":"https:\/\/www.sudoestehoje.com.br\/novoportal\/wp-json\/wp\/v2\/comments?post=90089"}],"version-history":[{"count":2,"href":"https:\/\/www.sudoestehoje.com.br\/novoportal\/wp-json\/wp\/v2\/posts\/90089\/revisions"}],"predecessor-version":[{"id":90092,"href":"https:\/\/www.sudoestehoje.com.br\/novoportal\/wp-json\/wp\/v2\/posts\/90089\/revisions\/90092"}],"wp:featuredmedia":[{"embeddable":true,"href":"https:\/\/www.sudoestehoje.com.br\/novoportal\/wp-json\/wp\/v2\/media\/90091"}],"wp:attachment":[{"href":"https:\/\/www.sudoestehoje.com.br\/novoportal\/wp-json\/wp\/v2\/media?parent=90089"}],"wp:term":[{"taxonomy":"category","embeddable":true,"href":"https:\/\/www.sudoestehoje.com.br\/novoportal\/wp-json\/wp\/v2\/categories?post=90089"},{"taxonomy":"post_tag","embeddable":true,"href":"https:\/\/www.sudoestehoje.com.br\/novoportal\/wp-json\/wp\/v2\/tags?post=90089"}],"curies":[{"name":"wp","href":"https:\/\/api.w.org\/{rel}","templated":true}]}}