
{"id":90079,"date":"2020-09-23T22:09:36","date_gmt":"2020-09-24T01:09:36","guid":{"rendered":"https:\/\/www.sudoestehoje.com.br\/novoportal\/?p=90079"},"modified":"2020-09-23T22:44:06","modified_gmt":"2020-09-24T01:44:06","slug":"mortes-por-covid-19-continuam-em-alta-na-bahia-itapetinga-tem-aumento-de-casos","status":"publish","type":"post","link":"https:\/\/www.sudoestehoje.com.br\/novoportal\/2020\/09\/23\/mortes-por-covid-19-continuam-em-alta-na-bahia-itapetinga-tem-aumento-de-casos\/","title":{"rendered":"MORTES POR COVID-19 CONTINUAM EM ALTA NA BAHIA; ITAPETINGA TEM AUMENTO DE CASOS"},"content":{"rendered":"<p><a href=\"https:\/\/www.sudoestehoje.com.br\/novoportal\/wp-content\/uploads\/2020\/09\/painel-globo.jpeg\"><img loading=\"lazy\" decoding=\"async\" class=\"aligncenter size-medium wp-image-90080\" src=\"https:\/\/www.sudoestehoje.com.br\/novoportal\/wp-content\/uploads\/2020\/09\/painel-globo-500x280.jpeg\" alt=\"\" width=\"500\" height=\"280\" srcset=\"https:\/\/www.sudoestehoje.com.br\/novoportal\/wp-content\/uploads\/2020\/09\/painel-globo-500x280.jpeg 500w, https:\/\/www.sudoestehoje.com.br\/novoportal\/wp-content\/uploads\/2020\/09\/painel-globo-700x392.jpeg 700w, https:\/\/www.sudoestehoje.com.br\/novoportal\/wp-content\/uploads\/2020\/09\/painel-globo-768x430.jpeg 768w, https:\/\/www.sudoestehoje.com.br\/novoportal\/wp-content\/uploads\/2020\/09\/painel-globo.jpeg 1280w\" sizes=\"auto, (max-width: 500px) 100vw, 500px\" \/><\/a><\/p>\n<p>Em tempos de flexibiliza\u00e7\u00e3o, os casos de Covid-19 continuam em alta em todo o estado da Bahia, de acordo com publica\u00e7\u00e3o dos n\u00fameros do Cons\u00f3rcio de Imprensa, divulgados pela Rede Globo, no Jornal Nacional desta quarta-feira (23).<\/p>\n<p>No mapa m\u00f3vel do JN, onde figuram todos os estados da federa\u00e7\u00e3o, a Bahia aparece com a cor vermelha, indicando que as mortes pelo v\u00edrus chin\u00eas est\u00e3o aumentando, depois de uma per\u00edodo de queda. O n\u00famero de mortes por Covid-19 na Bahia chegou hoje a 6.408.<\/p>\n<p><strong>N\u00daMEROS AUMENTAM EM ITAPETINGA\u00a0<\/strong><\/p>\n<p>Em Itapetinga, os \u00faltimos boletins apontam para um crescimento dos casos, mas com uma desacelera\u00e7\u00e3o nos \u00f3bitos. Desde o in\u00edcio da pandemia, foram registrados 1.861 casos, com 47 \u00f3bitos. O n\u00famero de curados j\u00e1 chega a 1.548, o que representa 83,1% do total de casos confirmados no munic\u00edpio.<\/p>\n<p>Esse aumento vem sendo atribu\u00eddo a um relaxamento coletivo por parte da popula\u00e7\u00e3o, que perdeu a no\u00e7\u00e3o do perigo e desafia as medidas de seguran\u00e7a sugeridas pelas autoridades sanit\u00e1rias.<\/p>\n<p>Por conta desses n\u00fameros, escolas continuam fechadas e o transporte intermunicipal suspenso.<\/p>\n<p><strong><em>Por Davi Ferraz<\/em><\/strong><\/p>\n","protected":false},"excerpt":{"rendered":"<p>Em tempos de flexibiliza\u00e7\u00e3o, os casos de Covid-19 continuam em alta em todo o estado da Bahia, de acordo com publica\u00e7\u00e3o dos n\u00fameros do Cons\u00f3rcio de Imprensa, divulgados pela Rede Globo, no Jornal Nacional desta quarta-feira (23). No mapa m\u00f3vel do JN, onde figuram todos os estados da federa\u00e7\u00e3o, a Bahia aparece com a cor [&hellip;]<\/p>\n","protected":false},"author":2,"featured_media":90080,"comment_status":"open","ping_status":"open","sticky":false,"template":"","format":"standard","meta":{"footnotes":"","_links_to":"","_links_to_target":""},"categories":[1],"tags":[],"class_list":["post-90079","post","type-post","status-publish","format-standard","has-post-thumbnail","hentry","category-geral"],"views":1464,"_links":{"self":[{"href":"https:\/\/www.sudoestehoje.com.br\/novoportal\/wp-json\/wp\/v2\/posts\/90079","targetHints":{"allow":["GET"]}}],"collection":[{"href":"https:\/\/www.sudoestehoje.com.br\/novoportal\/wp-json\/wp\/v2\/posts"}],"about":[{"href":"https:\/\/www.sudoestehoje.com.br\/novoportal\/wp-json\/wp\/v2\/types\/post"}],"author":[{"embeddable":true,"href":"https:\/\/www.sudoestehoje.com.br\/novoportal\/wp-json\/wp\/v2\/users\/2"}],"replies":[{"embeddable":true,"href":"https:\/\/www.sudoestehoje.com.br\/novoportal\/wp-json\/wp\/v2\/comments?post=90079"}],"version-history":[{"count":3,"href":"https:\/\/www.sudoestehoje.com.br\/novoportal\/wp-json\/wp\/v2\/posts\/90079\/revisions"}],"predecessor-version":[{"id":90083,"href":"https:\/\/www.sudoestehoje.com.br\/novoportal\/wp-json\/wp\/v2\/posts\/90079\/revisions\/90083"}],"wp:featuredmedia":[{"embeddable":true,"href":"https:\/\/www.sudoestehoje.com.br\/novoportal\/wp-json\/wp\/v2\/media\/90080"}],"wp:attachment":[{"href":"https:\/\/www.sudoestehoje.com.br\/novoportal\/wp-json\/wp\/v2\/media?parent=90079"}],"wp:term":[{"taxonomy":"category","embeddable":true,"href":"https:\/\/www.sudoestehoje.com.br\/novoportal\/wp-json\/wp\/v2\/categories?post=90079"},{"taxonomy":"post_tag","embeddable":true,"href":"https:\/\/www.sudoestehoje.com.br\/novoportal\/wp-json\/wp\/v2\/tags?post=90079"}],"curies":[{"name":"wp","href":"https:\/\/api.w.org\/{rel}","templated":true}]}}