
{"id":90048,"date":"2020-09-22T16:47:48","date_gmt":"2020-09-22T19:47:48","guid":{"rendered":"https:\/\/www.sudoestehoje.com.br\/novoportal\/?p=90048"},"modified":"2020-09-22T16:47:48","modified_gmt":"2020-09-22T19:47:48","slug":"antonio-brito-debate-com-o-ministro-da-saude-modelo-de-sustentabilidade-para-as-santas-casas","status":"publish","type":"post","link":"https:\/\/www.sudoestehoje.com.br\/novoportal\/2020\/09\/22\/antonio-brito-debate-com-o-ministro-da-saude-modelo-de-sustentabilidade-para-as-santas-casas\/","title":{"rendered":"ANTONIO BRITO DEBATE COM O MINISTRO DA SA\u00daDE MODELO DE SUSTENTABILIDADE PARA AS SANTAS CASAS"},"content":{"rendered":"<p><a href=\"https:\/\/www.sudoestehoje.com.br\/novoportal\/wp-content\/uploads\/2020\/09\/BRITO-MINISTRO-DA-SA\u00daDE.jpeg\"><img loading=\"lazy\" decoding=\"async\" class=\"aligncenter size-medium wp-image-90050\" src=\"https:\/\/www.sudoestehoje.com.br\/novoportal\/wp-content\/uploads\/2020\/09\/BRITO-MINISTRO-DA-SA\u00daDE-500x333.jpeg\" alt=\"\" width=\"500\" height=\"333\" srcset=\"https:\/\/www.sudoestehoje.com.br\/novoportal\/wp-content\/uploads\/2020\/09\/BRITO-MINISTRO-DA-SA\u00daDE-500x333.jpeg 500w, https:\/\/www.sudoestehoje.com.br\/novoportal\/wp-content\/uploads\/2020\/09\/BRITO-MINISTRO-DA-SA\u00daDE-700x466.jpeg 700w, https:\/\/www.sudoestehoje.com.br\/novoportal\/wp-content\/uploads\/2020\/09\/BRITO-MINISTRO-DA-SA\u00daDE-768x511.jpeg 768w, https:\/\/www.sudoestehoje.com.br\/novoportal\/wp-content\/uploads\/2020\/09\/BRITO-MINISTRO-DA-SA\u00daDE.jpeg 1056w\" sizes=\"auto, (max-width: 500px) 100vw, 500px\" \/><\/a><\/p>\n<p>Em reuni\u00e3o no Minist\u00e9rio da Sa\u00fade, o ministro Eduardo Pazuello, recentemente efetivado na pasta, debateu com o deputado federal Antonio Brito, presidente da Frente Parlamentar das Santas Casas, e com o presidente da Confedera\u00e7\u00e3o das Santas Casas Hospitais e Entidades Filantr\u00f3picas (CMB), Mirocles Veras, a cria\u00e7\u00e3o de um projeto de sustentabilidade para o setor.<\/p>\n<p>O objetivo \u00e9 solucionar o problema de d\u00e9ficit de recursos das entidades, a m\u00e9dio e longo prazo, favorecendo uma remunera\u00e7\u00e3o adequada e determinando regras de funcionamento para a presta\u00e7\u00e3o de servi\u00e7os por estas institui\u00e7\u00f5es ao SUS.<\/p>\n<p>As Santas Casas e os hospitais filantr\u00f3picos s\u00e3o respons\u00e1veis por mais de 50% dos atendimentos ambulatoriais e interna\u00e7\u00f5es hospitalares realizadas no SUS e representam a maior rede hospitalar no pa\u00eds, reunindo mais de 2.100 entidades.<\/p>\n","protected":false},"excerpt":{"rendered":"<p>Em reuni\u00e3o no Minist\u00e9rio da Sa\u00fade, o ministro Eduardo Pazuello, recentemente efetivado na pasta, debateu com o deputado federal Antonio Brito, presidente da Frente Parlamentar das Santas Casas, e com o presidente da Confedera\u00e7\u00e3o das Santas Casas Hospitais e Entidades Filantr\u00f3picas (CMB), Mirocles Veras, a cria\u00e7\u00e3o de um projeto de sustentabilidade para o setor. O [&hellip;]<\/p>\n","protected":false},"author":2,"featured_media":90050,"comment_status":"open","ping_status":"open","sticky":false,"template":"","format":"standard","meta":{"footnotes":"","_links_to":"","_links_to_target":""},"categories":[1],"tags":[],"class_list":["post-90048","post","type-post","status-publish","format-standard","has-post-thumbnail","hentry","category-geral"],"views":807,"_links":{"self":[{"href":"https:\/\/www.sudoestehoje.com.br\/novoportal\/wp-json\/wp\/v2\/posts\/90048","targetHints":{"allow":["GET"]}}],"collection":[{"href":"https:\/\/www.sudoestehoje.com.br\/novoportal\/wp-json\/wp\/v2\/posts"}],"about":[{"href":"https:\/\/www.sudoestehoje.com.br\/novoportal\/wp-json\/wp\/v2\/types\/post"}],"author":[{"embeddable":true,"href":"https:\/\/www.sudoestehoje.com.br\/novoportal\/wp-json\/wp\/v2\/users\/2"}],"replies":[{"embeddable":true,"href":"https:\/\/www.sudoestehoje.com.br\/novoportal\/wp-json\/wp\/v2\/comments?post=90048"}],"version-history":[{"count":2,"href":"https:\/\/www.sudoestehoje.com.br\/novoportal\/wp-json\/wp\/v2\/posts\/90048\/revisions"}],"predecessor-version":[{"id":90051,"href":"https:\/\/www.sudoestehoje.com.br\/novoportal\/wp-json\/wp\/v2\/posts\/90048\/revisions\/90051"}],"wp:featuredmedia":[{"embeddable":true,"href":"https:\/\/www.sudoestehoje.com.br\/novoportal\/wp-json\/wp\/v2\/media\/90050"}],"wp:attachment":[{"href":"https:\/\/www.sudoestehoje.com.br\/novoportal\/wp-json\/wp\/v2\/media?parent=90048"}],"wp:term":[{"taxonomy":"category","embeddable":true,"href":"https:\/\/www.sudoestehoje.com.br\/novoportal\/wp-json\/wp\/v2\/categories?post=90048"},{"taxonomy":"post_tag","embeddable":true,"href":"https:\/\/www.sudoestehoje.com.br\/novoportal\/wp-json\/wp\/v2\/tags?post=90048"}],"curies":[{"name":"wp","href":"https:\/\/api.w.org\/{rel}","templated":true}]}}