
{"id":9004,"date":"2011-09-24T00:03:04","date_gmt":"2011-09-24T03:03:04","guid":{"rendered":"http:\/\/www.sudoestehoje.com.br\/novoportal\/?p=9004"},"modified":"2011-09-25T20:58:46","modified_gmt":"2011-09-25T23:58:46","slug":"mao-branca-vereador-em-conquista","status":"publish","type":"post","link":"https:\/\/www.sudoestehoje.com.br\/novoportal\/2011\/09\/24\/mao-branca-vereador-em-conquista\/","title":{"rendered":"M\u00c3O BRANCA: VEREADOR EM CONQUISTA?"},"content":{"rendered":"<p style=\"text-align: center;\"><img decoding=\"async\" class=\"aligncenter\" src=\"http:\/\/www.blogdoanderson.com\/v2\/wp-content\/uploads\/DSC_00321.jpg\" alt=\"\" width=\"400\" \/><\/p>\n<p>VIT\u00d3RIA DA CONQUISTA: O forrozeiro Edigar M\u00e3o Branca n\u00e3o confirmou, mas not\u00edcias dos bastidores da Pol\u00edtica Conquistense d\u00e3o conta com ele ser\u00e1 candidato a vereador em Vit\u00f3ria da Conquista nas pr\u00f3ximas elei\u00e7\u00f5es municipais. Com uma vota\u00e7\u00e3o em mais de dezesseis mil votos nas \u00faltimas elei\u00e7\u00f5es em que saiu candidato a deputado federal, observadores pol\u00edticos dizem que o ex-deputado est\u00e1 credenciado pelo eleitorado conquistense e j\u00e1 \u00e9 apontado com um dos favoritos em 2012. Caso essa possibilidade seja concretizada, sair\u00e1 ganhando o Partido Verde, pois com a elei\u00e7\u00e3o de M\u00e3o Branca abrir\u00e1 caminho para pelo menos duas outras cadeiras no Legislativo Conquistense. Ser\u00e1 o retorno do PV.<\/p>\n<p><em><strong>Blog do Anderson<\/strong><\/em><\/p>\n","protected":false},"excerpt":{"rendered":"<p>VIT\u00d3RIA DA CONQUISTA: O forrozeiro Edigar M\u00e3o Branca n\u00e3o confirmou, mas not\u00edcias dos bastidores da Pol\u00edtica Conquistense d\u00e3o conta com ele ser\u00e1 candidato a vereador em Vit\u00f3ria da Conquista nas pr\u00f3ximas elei\u00e7\u00f5es municipais. Com uma vota\u00e7\u00e3o em mais de dezesseis mil votos nas \u00faltimas elei\u00e7\u00f5es em que saiu candidato a deputado federal, observadores pol\u00edticos dizem [&hellip;]<\/p>\n","protected":false},"author":2,"featured_media":0,"comment_status":"open","ping_status":"open","sticky":false,"template":"","format":"standard","meta":{"footnotes":"","_links_to":"","_links_to_target":""},"categories":[1],"tags":[],"class_list":["post-9004","post","type-post","status-publish","format-standard","hentry","category-geral"],"views":1246,"_links":{"self":[{"href":"https:\/\/www.sudoestehoje.com.br\/novoportal\/wp-json\/wp\/v2\/posts\/9004","targetHints":{"allow":["GET"]}}],"collection":[{"href":"https:\/\/www.sudoestehoje.com.br\/novoportal\/wp-json\/wp\/v2\/posts"}],"about":[{"href":"https:\/\/www.sudoestehoje.com.br\/novoportal\/wp-json\/wp\/v2\/types\/post"}],"author":[{"embeddable":true,"href":"https:\/\/www.sudoestehoje.com.br\/novoportal\/wp-json\/wp\/v2\/users\/2"}],"replies":[{"embeddable":true,"href":"https:\/\/www.sudoestehoje.com.br\/novoportal\/wp-json\/wp\/v2\/comments?post=9004"}],"version-history":[{"count":5,"href":"https:\/\/www.sudoestehoje.com.br\/novoportal\/wp-json\/wp\/v2\/posts\/9004\/revisions"}],"predecessor-version":[{"id":9007,"href":"https:\/\/www.sudoestehoje.com.br\/novoportal\/wp-json\/wp\/v2\/posts\/9004\/revisions\/9007"}],"wp:attachment":[{"href":"https:\/\/www.sudoestehoje.com.br\/novoportal\/wp-json\/wp\/v2\/media?parent=9004"}],"wp:term":[{"taxonomy":"category","embeddable":true,"href":"https:\/\/www.sudoestehoje.com.br\/novoportal\/wp-json\/wp\/v2\/categories?post=9004"},{"taxonomy":"post_tag","embeddable":true,"href":"https:\/\/www.sudoestehoje.com.br\/novoportal\/wp-json\/wp\/v2\/tags?post=9004"}],"curies":[{"name":"wp","href":"https:\/\/api.w.org\/{rel}","templated":true}]}}