
{"id":90032,"date":"2020-09-21T20:03:12","date_gmt":"2020-09-21T23:03:12","guid":{"rendered":"https:\/\/www.sudoestehoje.com.br\/novoportal\/?p=90032"},"modified":"2020-09-21T20:03:12","modified_gmt":"2020-09-21T23:03:12","slug":"funcionarios-dos-correios-devem-voltar-ao-trabalho-apos-reajuste-concedido-pelo-tst","status":"publish","type":"post","link":"https:\/\/www.sudoestehoje.com.br\/novoportal\/2020\/09\/21\/funcionarios-dos-correios-devem-voltar-ao-trabalho-apos-reajuste-concedido-pelo-tst\/","title":{"rendered":"FUNCION\u00c1RIOS DOS CORREIOS DEVEM VOLTAR AO TRABALHO AP\u00d3S REAJUSTE CONCEDIDO PELO TST"},"content":{"rendered":"<p><a href=\"https:\/\/www.sudoestehoje.com.br\/novoportal\/wp-content\/uploads\/2020\/09\/CORREIOS-VOLTA.jpg\"><img loading=\"lazy\" decoding=\"async\" class=\"aligncenter size-medium wp-image-90034\" src=\"https:\/\/www.sudoestehoje.com.br\/novoportal\/wp-content\/uploads\/2020\/09\/CORREIOS-VOLTA-500x281.jpg\" alt=\"\" width=\"500\" height=\"281\" srcset=\"https:\/\/www.sudoestehoje.com.br\/novoportal\/wp-content\/uploads\/2020\/09\/CORREIOS-VOLTA-500x281.jpg 500w, https:\/\/www.sudoestehoje.com.br\/novoportal\/wp-content\/uploads\/2020\/09\/CORREIOS-VOLTA.jpg 550w\" sizes=\"auto, (max-width: 500px) 100vw, 500px\" \/><\/a><\/p>\n<p>Foi aprovado na tarde desta segunda-feira (21), no Tribunal Superior do Trabalho (TST), o reajuste de 2,6% para funcion\u00e1rios dos Correios. De acordo com a assessoria do sindicato da categoria, uma assembl\u00e9ia ser\u00e1 realizada na pr\u00f3xima ter\u00e7a-feira (22) para definir a data de retorno das atividades.<\/p>\n<p>A maioria do tribunal decidiu que a greve n\u00e3o foi abusiva, e com isso, metade dos dias da paralisa\u00e7\u00e3o ser\u00e3o descontados dos sal\u00e1rios dos funcion\u00e1rios, a outra metade dever\u00e1 ser compensada. Caso os trabalhadores n\u00e3o retornem as atividades amanh\u00e3, a categoria receber\u00e1 um multa de R$ 100 mil por dia n\u00e3o trabalhado.<\/p>\n<p>A minitra K\u00e1tia Arruda, relatora do processo e que votou contra a declara\u00e7\u00e3o da greve como abusiva, afirmou que a paralisa\u00e7\u00e3o foi a \u00fanica solu\u00e7\u00e3o encontrada pelos trabalhadores para adquirir seus direitos. \u201c\u00c9 a primeira vez que julgamos uma mat\u00e9ria em que a empresa retira praticamente todos os direitos dos empregados\u201d, afirmou.<\/p>\n","protected":false},"excerpt":{"rendered":"<p>Foi aprovado na tarde desta segunda-feira (21), no Tribunal Superior do Trabalho (TST), o reajuste de 2,6% para funcion\u00e1rios dos Correios. De acordo com a assessoria do sindicato da categoria, uma assembl\u00e9ia ser\u00e1 realizada na pr\u00f3xima ter\u00e7a-feira (22) para definir a data de retorno das atividades. A maioria do tribunal decidiu que a greve n\u00e3o [&hellip;]<\/p>\n","protected":false},"author":2,"featured_media":90034,"comment_status":"open","ping_status":"open","sticky":false,"template":"","format":"standard","meta":{"footnotes":"","_links_to":"","_links_to_target":""},"categories":[1],"tags":[],"class_list":["post-90032","post","type-post","status-publish","format-standard","has-post-thumbnail","hentry","category-geral"],"views":943,"_links":{"self":[{"href":"https:\/\/www.sudoestehoje.com.br\/novoportal\/wp-json\/wp\/v2\/posts\/90032","targetHints":{"allow":["GET"]}}],"collection":[{"href":"https:\/\/www.sudoestehoje.com.br\/novoportal\/wp-json\/wp\/v2\/posts"}],"about":[{"href":"https:\/\/www.sudoestehoje.com.br\/novoportal\/wp-json\/wp\/v2\/types\/post"}],"author":[{"embeddable":true,"href":"https:\/\/www.sudoestehoje.com.br\/novoportal\/wp-json\/wp\/v2\/users\/2"}],"replies":[{"embeddable":true,"href":"https:\/\/www.sudoestehoje.com.br\/novoportal\/wp-json\/wp\/v2\/comments?post=90032"}],"version-history":[{"count":2,"href":"https:\/\/www.sudoestehoje.com.br\/novoportal\/wp-json\/wp\/v2\/posts\/90032\/revisions"}],"predecessor-version":[{"id":90035,"href":"https:\/\/www.sudoestehoje.com.br\/novoportal\/wp-json\/wp\/v2\/posts\/90032\/revisions\/90035"}],"wp:featuredmedia":[{"embeddable":true,"href":"https:\/\/www.sudoestehoje.com.br\/novoportal\/wp-json\/wp\/v2\/media\/90034"}],"wp:attachment":[{"href":"https:\/\/www.sudoestehoje.com.br\/novoportal\/wp-json\/wp\/v2\/media?parent=90032"}],"wp:term":[{"taxonomy":"category","embeddable":true,"href":"https:\/\/www.sudoestehoje.com.br\/novoportal\/wp-json\/wp\/v2\/categories?post=90032"},{"taxonomy":"post_tag","embeddable":true,"href":"https:\/\/www.sudoestehoje.com.br\/novoportal\/wp-json\/wp\/v2\/tags?post=90032"}],"curies":[{"name":"wp","href":"https:\/\/api.w.org\/{rel}","templated":true}]}}