
{"id":90027,"date":"2020-09-21T19:10:53","date_gmt":"2020-09-21T22:10:53","guid":{"rendered":"https:\/\/www.sudoestehoje.com.br\/novoportal\/?p=90027"},"modified":"2020-09-21T19:10:53","modified_gmt":"2020-09-21T22:10:53","slug":"cantor-gospel-irmao-lazaro-e-candidato-a-vereador-em-salvador","status":"publish","type":"post","link":"https:\/\/www.sudoestehoje.com.br\/novoportal\/2020\/09\/21\/cantor-gospel-irmao-lazaro-e-candidato-a-vereador-em-salvador\/","title":{"rendered":"CANTOR GOSPEL IRM\u00c3O L\u00c1ZARO \u00c9 CANDIDATO A VEREADOR EM SALVADOR"},"content":{"rendered":"<p><a href=\"https:\/\/www.sudoestehoje.com.br\/novoportal\/wp-content\/uploads\/2020\/09\/Irm\u00e3o-L\u00e1zaro-480x320-1.jpg\"><img loading=\"lazy\" decoding=\"async\" class=\"aligncenter size-full wp-image-90029\" src=\"https:\/\/www.sudoestehoje.com.br\/novoportal\/wp-content\/uploads\/2020\/09\/Irm\u00e3o-L\u00e1zaro-480x320-1.jpg\" alt=\"\" width=\"480\" height=\"320\" \/><\/a><\/p>\n<p>O ex-deputado federal Irm\u00e3o L\u00e1zaro (PL) vai disputar uma cadeira para vereador em Salvador. Candidato a senador em 2018, ele obteve 1.830.581 votos no estado, sendo 359.419 votos em Salvador.<\/p>\n<p>Nas redes sociais, ele tem oito milh\u00f5es de seguidores (8.629.213); 1,2 milh\u00e3o de seguidores no Instagram e seus v\u00eddeos no Youtube j\u00e1 tiveram cerca de 300 milh\u00f5es de visualiza\u00e7\u00f5es.<\/p>\n<p>\u201cAs nossas bandeiras s\u00e3o: tirar as pessoas em vulnerabilidade das ruas; contra a legaliza\u00e7\u00e3o do aborto, com a exce\u00e7\u00e3o dos casos onde j\u00e1 \u00e9 permitido; a reestrutura\u00e7\u00e3o da fam\u00edlia; a recupera\u00e7\u00e3o e ressocializa\u00e7\u00e3o dos dependentes qu\u00edmico e a luta contra a viol\u00eancia dom\u00e9stica que torna, em pleno s\u00e9culo XXI, muitas mulheres v\u00edtimas\u201d, afirmou Irm\u00e3o L\u00e1zaro. Ele tamb\u00e9m \u00e9 contra a legaliza\u00e7\u00e3o de qualquer droga.<\/p>\n<p>\u201cE, na maior cidade negra fora da \u00c1frica, quero ir para a C\u00e2mara Municipal de Salvador e lutar contra o racismo que o negro sofre e a discrimina\u00e7\u00e3o \u00e0 pobreza\u201d, frisou Irm\u00e3o L\u00e1zaro.<\/p>\n","protected":false},"excerpt":{"rendered":"<p>O ex-deputado federal Irm\u00e3o L\u00e1zaro (PL) vai disputar uma cadeira para vereador em Salvador. Candidato a senador em 2018, ele obteve 1.830.581 votos no estado, sendo 359.419 votos em Salvador. Nas redes sociais, ele tem oito milh\u00f5es de seguidores (8.629.213); 1,2 milh\u00e3o de seguidores no Instagram e seus v\u00eddeos no Youtube j\u00e1 tiveram cerca de [&hellip;]<\/p>\n","protected":false},"author":2,"featured_media":90029,"comment_status":"open","ping_status":"open","sticky":false,"template":"","format":"standard","meta":{"footnotes":"","_links_to":"","_links_to_target":""},"categories":[1],"tags":[],"class_list":["post-90027","post","type-post","status-publish","format-standard","has-post-thumbnail","hentry","category-geral"],"views":1560,"_links":{"self":[{"href":"https:\/\/www.sudoestehoje.com.br\/novoportal\/wp-json\/wp\/v2\/posts\/90027","targetHints":{"allow":["GET"]}}],"collection":[{"href":"https:\/\/www.sudoestehoje.com.br\/novoportal\/wp-json\/wp\/v2\/posts"}],"about":[{"href":"https:\/\/www.sudoestehoje.com.br\/novoportal\/wp-json\/wp\/v2\/types\/post"}],"author":[{"embeddable":true,"href":"https:\/\/www.sudoestehoje.com.br\/novoportal\/wp-json\/wp\/v2\/users\/2"}],"replies":[{"embeddable":true,"href":"https:\/\/www.sudoestehoje.com.br\/novoportal\/wp-json\/wp\/v2\/comments?post=90027"}],"version-history":[{"count":2,"href":"https:\/\/www.sudoestehoje.com.br\/novoportal\/wp-json\/wp\/v2\/posts\/90027\/revisions"}],"predecessor-version":[{"id":90030,"href":"https:\/\/www.sudoestehoje.com.br\/novoportal\/wp-json\/wp\/v2\/posts\/90027\/revisions\/90030"}],"wp:featuredmedia":[{"embeddable":true,"href":"https:\/\/www.sudoestehoje.com.br\/novoportal\/wp-json\/wp\/v2\/media\/90029"}],"wp:attachment":[{"href":"https:\/\/www.sudoestehoje.com.br\/novoportal\/wp-json\/wp\/v2\/media?parent=90027"}],"wp:term":[{"taxonomy":"category","embeddable":true,"href":"https:\/\/www.sudoestehoje.com.br\/novoportal\/wp-json\/wp\/v2\/categories?post=90027"},{"taxonomy":"post_tag","embeddable":true,"href":"https:\/\/www.sudoestehoje.com.br\/novoportal\/wp-json\/wp\/v2\/tags?post=90027"}],"curies":[{"name":"wp","href":"https:\/\/api.w.org\/{rel}","templated":true}]}}