
{"id":90023,"date":"2020-09-21T18:08:03","date_gmt":"2020-09-21T21:08:03","guid":{"rendered":"https:\/\/www.sudoestehoje.com.br\/novoportal\/?p=90023"},"modified":"2020-09-21T18:08:03","modified_gmt":"2020-09-21T21:08:03","slug":"itapetinga-reinan-gusmao-declara-apoio-a-reeleicao-de-rodrigo-hagge","status":"publish","type":"post","link":"https:\/\/www.sudoestehoje.com.br\/novoportal\/2020\/09\/21\/itapetinga-reinan-gusmao-declara-apoio-a-reeleicao-de-rodrigo-hagge\/","title":{"rendered":"ITAPETINGA: REINAN GUSM\u00c3O DECLARA APOIO \u00c0 REELEI\u00c7\u00c3O DE RODRIGO HAGGE"},"content":{"rendered":"<p><a href=\"https:\/\/www.sudoestehoje.com.br\/novoportal\/wp-content\/uploads\/2020\/09\/reinan-gusm\u00e3o.jpeg\"><img loading=\"lazy\" decoding=\"async\" class=\"aligncenter size-medium wp-image-90025\" src=\"https:\/\/www.sudoestehoje.com.br\/novoportal\/wp-content\/uploads\/2020\/09\/reinan-gusm\u00e3o-500x345.jpeg\" alt=\"\" width=\"500\" height=\"345\" srcset=\"https:\/\/www.sudoestehoje.com.br\/novoportal\/wp-content\/uploads\/2020\/09\/reinan-gusm\u00e3o-500x345.jpeg 500w, https:\/\/www.sudoestehoje.com.br\/novoportal\/wp-content\/uploads\/2020\/09\/reinan-gusm\u00e3o-700x484.jpeg 700w, https:\/\/www.sudoestehoje.com.br\/novoportal\/wp-content\/uploads\/2020\/09\/reinan-gusm\u00e3o-768x530.jpeg 768w, https:\/\/www.sudoestehoje.com.br\/novoportal\/wp-content\/uploads\/2020\/09\/reinan-gusm\u00e3o.jpeg 831w\" sizes=\"auto, (max-width: 500px) 100vw, 500px\" \/><\/a><\/p>\n<p>Caminhando na dire\u00e7\u00e3o oposta dos candidatos de oposi\u00e7\u00e3o, que brigam entre si e s\u00f3 desagregam, o prefeito Rodrigo Hagge continua conquistando apoios importantes para a sua candidatura \u00e0 reelei\u00e7\u00e3o, esvaziando as bases oposicionistas em Itapetinga.<\/p>\n<p>Desta vez, foi o valoroso ex-coordenador da Comutran, Reinan Gusm\u00e3o, que fechou apoio incondicional \u00e0 chapa Rodrigo\/Renan, que caminha a passos largos para mais uma vit\u00f3ria.<\/p>\n<p>O apoio foi manifestado na tarde desta segunda-feira (21), em um encontro com o chefe do executivo, que comemorou a ades\u00e3o: <em>&#8220;Reinan \u00e9 uma pessoa de muito car\u00e1ter e goza de enorme respeito em nossa sociedade e no meio pol\u00edtico de Itapetinga e regi\u00e3o. Fico feliz com a sua vinda para o nosso grupo, que s\u00f3 faz crescer com os novos apoios que estamos conquistando&#8221;<\/em>, comemorou Rodrigo.<\/p>\n<p><strong><em>Por Davi Ferraz<\/em><\/strong><\/p>\n","protected":false},"excerpt":{"rendered":"<p>Caminhando na dire\u00e7\u00e3o oposta dos candidatos de oposi\u00e7\u00e3o, que brigam entre si e s\u00f3 desagregam, o prefeito Rodrigo Hagge continua conquistando apoios importantes para a sua candidatura \u00e0 reelei\u00e7\u00e3o, esvaziando as bases oposicionistas em Itapetinga. Desta vez, foi o valoroso ex-coordenador da Comutran, Reinan Gusm\u00e3o, que fechou apoio incondicional \u00e0 chapa Rodrigo\/Renan, que caminha a [&hellip;]<\/p>\n","protected":false},"author":2,"featured_media":90025,"comment_status":"open","ping_status":"open","sticky":false,"template":"","format":"standard","meta":{"footnotes":"","_links_to":"","_links_to_target":""},"categories":[1],"tags":[],"class_list":["post-90023","post","type-post","status-publish","format-standard","has-post-thumbnail","hentry","category-geral"],"views":2333,"_links":{"self":[{"href":"https:\/\/www.sudoestehoje.com.br\/novoportal\/wp-json\/wp\/v2\/posts\/90023","targetHints":{"allow":["GET"]}}],"collection":[{"href":"https:\/\/www.sudoestehoje.com.br\/novoportal\/wp-json\/wp\/v2\/posts"}],"about":[{"href":"https:\/\/www.sudoestehoje.com.br\/novoportal\/wp-json\/wp\/v2\/types\/post"}],"author":[{"embeddable":true,"href":"https:\/\/www.sudoestehoje.com.br\/novoportal\/wp-json\/wp\/v2\/users\/2"}],"replies":[{"embeddable":true,"href":"https:\/\/www.sudoestehoje.com.br\/novoportal\/wp-json\/wp\/v2\/comments?post=90023"}],"version-history":[{"count":2,"href":"https:\/\/www.sudoestehoje.com.br\/novoportal\/wp-json\/wp\/v2\/posts\/90023\/revisions"}],"predecessor-version":[{"id":90026,"href":"https:\/\/www.sudoestehoje.com.br\/novoportal\/wp-json\/wp\/v2\/posts\/90023\/revisions\/90026"}],"wp:featuredmedia":[{"embeddable":true,"href":"https:\/\/www.sudoestehoje.com.br\/novoportal\/wp-json\/wp\/v2\/media\/90025"}],"wp:attachment":[{"href":"https:\/\/www.sudoestehoje.com.br\/novoportal\/wp-json\/wp\/v2\/media?parent=90023"}],"wp:term":[{"taxonomy":"category","embeddable":true,"href":"https:\/\/www.sudoestehoje.com.br\/novoportal\/wp-json\/wp\/v2\/categories?post=90023"},{"taxonomy":"post_tag","embeddable":true,"href":"https:\/\/www.sudoestehoje.com.br\/novoportal\/wp-json\/wp\/v2\/tags?post=90023"}],"curies":[{"name":"wp","href":"https:\/\/api.w.org\/{rel}","templated":true}]}}