
{"id":90013,"date":"2020-09-21T12:16:42","date_gmt":"2020-09-21T15:16:42","guid":{"rendered":"https:\/\/www.sudoestehoje.com.br\/novoportal\/?p=90013"},"modified":"2020-09-21T12:16:42","modified_gmt":"2020-09-21T15:16:42","slug":"retorno-as-aulas-presenciais-em-brumado-tem-baixa-adesao-de-alunos","status":"publish","type":"post","link":"https:\/\/www.sudoestehoje.com.br\/novoportal\/2020\/09\/21\/retorno-as-aulas-presenciais-em-brumado-tem-baixa-adesao-de-alunos\/","title":{"rendered":"RETORNO \u00c0S AULAS PRESENCIAIS EM BRUMADO TEM BAIXA ADES\u00c3O DE ALUNOS"},"content":{"rendered":"<p><a href=\"https:\/\/www.sudoestehoje.com.br\/novoportal\/wp-content\/uploads\/2020\/09\/brumado-1000x530-1.jpeg\"><img loading=\"lazy\" decoding=\"async\" class=\"aligncenter size-medium wp-image-90014\" src=\"https:\/\/www.sudoestehoje.com.br\/novoportal\/wp-content\/uploads\/2020\/09\/brumado-1000x530-1-500x265.jpeg\" alt=\"\" width=\"500\" height=\"265\" srcset=\"https:\/\/www.sudoestehoje.com.br\/novoportal\/wp-content\/uploads\/2020\/09\/brumado-1000x530-1-500x265.jpeg 500w, https:\/\/www.sudoestehoje.com.br\/novoportal\/wp-content\/uploads\/2020\/09\/brumado-1000x530-1-700x371.jpeg 700w, https:\/\/www.sudoestehoje.com.br\/novoportal\/wp-content\/uploads\/2020\/09\/brumado-1000x530-1-768x407.jpeg 768w, https:\/\/www.sudoestehoje.com.br\/novoportal\/wp-content\/uploads\/2020\/09\/brumado-1000x530-1.jpeg 1000w\" sizes=\"auto, (max-width: 500px) 100vw, 500px\" \/><\/a><\/p>\n<p>Foi baixa a ades\u00e3o de estudantes de Brumado no retorno das aulas da rede municipal nesta segunda-feira (21), conforme informa\u00e7\u00f5es da<em>\u00a0TV Sudoeste<\/em>.<\/p>\n<p>Em uma das unidades, apenas um aluno foi para a escola e acabou sendo liberado. Nessa institui\u00e7\u00e3o, s\u00e3o 333 alunos matriculados. O local estava vazio, apenas com a presen\u00e7a de professores e funcion\u00e1rios.<\/p>\n<p>A prefeitura publicou a portaria de retorno \u00e0s aulas em Brumado no in\u00edcio de setembro, estabelecendo que a volta \u00e0s atividades presenciais seria facultativa para os alunos.<\/p>\n<p>O Minist\u00e9rio P\u00fablico da Bahia chegou a ajuizar uma a\u00e7\u00e3o civil p\u00fablica contra a prefeitura, pedindo que a Justi\u00e7a determinasse a suspens\u00e3o da medida. No entanto, a Justi\u00e7a decidiu em favor da prefeitura.<\/p>\n<p>Foram adotadas medidas de biosseguran\u00e7a, como o uso de equipamentos de prote\u00e7\u00e3o individual (EPIs), al\u00e9m do escalonamento para entrada e sa\u00edda por grupos, para evitar aglomera\u00e7\u00f5es. A temperatura de todas as pessoas que trabalham no ambiente escolar tamb\u00e9m foi aferida.<\/p>\n","protected":false},"excerpt":{"rendered":"<p>Foi baixa a ades\u00e3o de estudantes de Brumado no retorno das aulas da rede municipal nesta segunda-feira (21), conforme informa\u00e7\u00f5es da\u00a0TV Sudoeste. Em uma das unidades, apenas um aluno foi para a escola e acabou sendo liberado. Nessa institui\u00e7\u00e3o, s\u00e3o 333 alunos matriculados. O local estava vazio, apenas com a presen\u00e7a de professores e funcion\u00e1rios. [&hellip;]<\/p>\n","protected":false},"author":2,"featured_media":90014,"comment_status":"open","ping_status":"open","sticky":false,"template":"","format":"standard","meta":{"footnotes":"","_links_to":"","_links_to_target":""},"categories":[1],"tags":[],"class_list":["post-90013","post","type-post","status-publish","format-standard","has-post-thumbnail","hentry","category-geral"],"views":833,"_links":{"self":[{"href":"https:\/\/www.sudoestehoje.com.br\/novoportal\/wp-json\/wp\/v2\/posts\/90013","targetHints":{"allow":["GET"]}}],"collection":[{"href":"https:\/\/www.sudoestehoje.com.br\/novoportal\/wp-json\/wp\/v2\/posts"}],"about":[{"href":"https:\/\/www.sudoestehoje.com.br\/novoportal\/wp-json\/wp\/v2\/types\/post"}],"author":[{"embeddable":true,"href":"https:\/\/www.sudoestehoje.com.br\/novoportal\/wp-json\/wp\/v2\/users\/2"}],"replies":[{"embeddable":true,"href":"https:\/\/www.sudoestehoje.com.br\/novoportal\/wp-json\/wp\/v2\/comments?post=90013"}],"version-history":[{"count":1,"href":"https:\/\/www.sudoestehoje.com.br\/novoportal\/wp-json\/wp\/v2\/posts\/90013\/revisions"}],"predecessor-version":[{"id":90015,"href":"https:\/\/www.sudoestehoje.com.br\/novoportal\/wp-json\/wp\/v2\/posts\/90013\/revisions\/90015"}],"wp:featuredmedia":[{"embeddable":true,"href":"https:\/\/www.sudoestehoje.com.br\/novoportal\/wp-json\/wp\/v2\/media\/90014"}],"wp:attachment":[{"href":"https:\/\/www.sudoestehoje.com.br\/novoportal\/wp-json\/wp\/v2\/media?parent=90013"}],"wp:term":[{"taxonomy":"category","embeddable":true,"href":"https:\/\/www.sudoestehoje.com.br\/novoportal\/wp-json\/wp\/v2\/categories?post=90013"},{"taxonomy":"post_tag","embeddable":true,"href":"https:\/\/www.sudoestehoje.com.br\/novoportal\/wp-json\/wp\/v2\/tags?post=90013"}],"curies":[{"name":"wp","href":"https:\/\/api.w.org\/{rel}","templated":true}]}}