
{"id":90007,"date":"2020-09-21T11:33:38","date_gmt":"2020-09-21T14:33:38","guid":{"rendered":"https:\/\/www.sudoestehoje.com.br\/novoportal\/?p=90007"},"modified":"2020-09-21T11:33:38","modified_gmt":"2020-09-21T14:33:38","slug":"itapetinga-candidatura-de-neto-ferraz-a-vereador-e-aprovada-em-convencao-do-psc","status":"publish","type":"post","link":"https:\/\/www.sudoestehoje.com.br\/novoportal\/2020\/09\/21\/itapetinga-candidatura-de-neto-ferraz-a-vereador-e-aprovada-em-convencao-do-psc\/","title":{"rendered":"ITAPETINGA: CANDIDATURA DE NETO FERRAZ A VEREADOR \u00c9 APROVADA EM CONVEN\u00c7\u00c3O DO PSC"},"content":{"rendered":"<p><a href=\"https:\/\/www.sudoestehoje.com.br\/novoportal\/wp-content\/uploads\/2020\/09\/NETO-PSC.jpeg\"><img loading=\"lazy\" decoding=\"async\" class=\"aligncenter size-medium wp-image-90009\" src=\"https:\/\/www.sudoestehoje.com.br\/novoportal\/wp-content\/uploads\/2020\/09\/NETO-PSC-500x500.jpeg\" alt=\"\" width=\"500\" height=\"500\" srcset=\"https:\/\/www.sudoestehoje.com.br\/novoportal\/wp-content\/uploads\/2020\/09\/NETO-PSC-500x500.jpeg 500w, https:\/\/www.sudoestehoje.com.br\/novoportal\/wp-content\/uploads\/2020\/09\/NETO-PSC-700x700.jpeg 700w, https:\/\/www.sudoestehoje.com.br\/novoportal\/wp-content\/uploads\/2020\/09\/NETO-PSC-150x150.jpeg 150w, https:\/\/www.sudoestehoje.com.br\/novoportal\/wp-content\/uploads\/2020\/09\/NETO-PSC-768x768.jpeg 768w, https:\/\/www.sudoestehoje.com.br\/novoportal\/wp-content\/uploads\/2020\/09\/NETO-PSC.jpeg 832w\" sizes=\"auto, (max-width: 500px) 100vw, 500px\" \/><\/a><\/p>\n<p>Aconteceu no \u00faltimo dia 15 de setembro, na C\u00e2mara de Vereadores de Itapetinga a Conven\u00e7\u00e3o do PSC (Partido Social Crist\u00e3o).<\/p>\n<p>Na oportunidade, Neto Ferraz confirmou a sua candidatura para concorrer a uma cadeira no legislativo do pr\u00f3ximo pleito que acontecer\u00e1 no dia 15 de novembro.<\/p>\n<p>&#8220;Me sinto honrado em estar participando de um grupo t\u00e3o unido como o PSC. Aqui somos todos colegas. Todos n\u00f3s visamos o crescimento do partido e o bem estar um do outro&#8221;, afirma Neto Ferraz.<\/p>\n<p><a href=\"https:\/\/www.sudoestehoje.com.br\/novoportal\/wp-content\/uploads\/2020\/09\/NETO-PSC-1.jpeg\"><img loading=\"lazy\" decoding=\"async\" class=\"aligncenter size-medium wp-image-90010\" src=\"https:\/\/www.sudoestehoje.com.br\/novoportal\/wp-content\/uploads\/2020\/09\/NETO-PSC-1-500x298.jpeg\" alt=\"\" width=\"500\" height=\"298\" srcset=\"https:\/\/www.sudoestehoje.com.br\/novoportal\/wp-content\/uploads\/2020\/09\/NETO-PSC-1-500x298.jpeg 500w, https:\/\/www.sudoestehoje.com.br\/novoportal\/wp-content\/uploads\/2020\/09\/NETO-PSC-1-700x417.jpeg 700w, https:\/\/www.sudoestehoje.com.br\/novoportal\/wp-content\/uploads\/2020\/09\/NETO-PSC-1-768x458.jpeg 768w, https:\/\/www.sudoestehoje.com.br\/novoportal\/wp-content\/uploads\/2020\/09\/NETO-PSC-1.jpeg 1280w\" sizes=\"auto, (max-width: 500px) 100vw, 500px\" \/><\/a><\/p>\n<p>Neto \u00e9 um dos nomes vem se destacando na corrida pelo legislativo e que tem grandes chances de se eleger.<\/p>\n<p>&#8220;Temos que estar focados. O trabalho s\u00f3 est\u00e1 come\u00e7ando e o caminho \u00e9 longo. Precisamos de uni\u00e3o e for\u00e7a para que possamos conseguir mais apoiadores. Vamos lutar para que Itapetinga continue a se desenvolver. Essa ser\u00e1 minha busca di\u00e1ria&#8221;, conclui Neto Ferraz. \/\/Ascom Neto Ferraz<\/p>\n","protected":false},"excerpt":{"rendered":"<p>Aconteceu no \u00faltimo dia 15 de setembro, na C\u00e2mara de Vereadores de Itapetinga a Conven\u00e7\u00e3o do PSC (Partido Social Crist\u00e3o). Na oportunidade, Neto Ferraz confirmou a sua candidatura para concorrer a uma cadeira no legislativo do pr\u00f3ximo pleito que acontecer\u00e1 no dia 15 de novembro. &#8220;Me sinto honrado em estar participando de um grupo t\u00e3o [&hellip;]<\/p>\n","protected":false},"author":2,"featured_media":90009,"comment_status":"open","ping_status":"open","sticky":false,"template":"","format":"standard","meta":{"footnotes":"","_links_to":"","_links_to_target":""},"categories":[1],"tags":[],"class_list":["post-90007","post","type-post","status-publish","format-standard","has-post-thumbnail","hentry","category-geral"],"views":1106,"_links":{"self":[{"href":"https:\/\/www.sudoestehoje.com.br\/novoportal\/wp-json\/wp\/v2\/posts\/90007","targetHints":{"allow":["GET"]}}],"collection":[{"href":"https:\/\/www.sudoestehoje.com.br\/novoportal\/wp-json\/wp\/v2\/posts"}],"about":[{"href":"https:\/\/www.sudoestehoje.com.br\/novoportal\/wp-json\/wp\/v2\/types\/post"}],"author":[{"embeddable":true,"href":"https:\/\/www.sudoestehoje.com.br\/novoportal\/wp-json\/wp\/v2\/users\/2"}],"replies":[{"embeddable":true,"href":"https:\/\/www.sudoestehoje.com.br\/novoportal\/wp-json\/wp\/v2\/comments?post=90007"}],"version-history":[{"count":3,"href":"https:\/\/www.sudoestehoje.com.br\/novoportal\/wp-json\/wp\/v2\/posts\/90007\/revisions"}],"predecessor-version":[{"id":90012,"href":"https:\/\/www.sudoestehoje.com.br\/novoportal\/wp-json\/wp\/v2\/posts\/90007\/revisions\/90012"}],"wp:featuredmedia":[{"embeddable":true,"href":"https:\/\/www.sudoestehoje.com.br\/novoportal\/wp-json\/wp\/v2\/media\/90009"}],"wp:attachment":[{"href":"https:\/\/www.sudoestehoje.com.br\/novoportal\/wp-json\/wp\/v2\/media?parent=90007"}],"wp:term":[{"taxonomy":"category","embeddable":true,"href":"https:\/\/www.sudoestehoje.com.br\/novoportal\/wp-json\/wp\/v2\/categories?post=90007"},{"taxonomy":"post_tag","embeddable":true,"href":"https:\/\/www.sudoestehoje.com.br\/novoportal\/wp-json\/wp\/v2\/tags?post=90007"}],"curies":[{"name":"wp","href":"https:\/\/api.w.org\/{rel}","templated":true}]}}