
{"id":89776,"date":"2020-09-10T22:38:44","date_gmt":"2020-09-11T01:38:44","guid":{"rendered":"https:\/\/www.sudoestehoje.com.br\/novoportal\/?p=89776"},"modified":"2020-09-10T22:38:44","modified_gmt":"2020-09-11T01:38:44","slug":"mpf-abre-novo-inquerito-sobre-compra-de-respiradores-pelo-consorcio-nordeste","status":"publish","type":"post","link":"https:\/\/www.sudoestehoje.com.br\/novoportal\/2020\/09\/10\/mpf-abre-novo-inquerito-sobre-compra-de-respiradores-pelo-consorcio-nordeste\/","title":{"rendered":"MPF ABRE NOVO INQU\u00c9RITO SOBRE COMPRA DE RESPIRADORES PELO CONS\u00d3RCIO NORDESTE"},"content":{"rendered":"<p><a href=\"https:\/\/www.sudoestehoje.com.br\/novoportal\/wp-content\/uploads\/2020\/09\/rui-consorcio.jpg\"><img loading=\"lazy\" decoding=\"async\" class=\"aligncenter size-full wp-image-89777\" src=\"https:\/\/www.sudoestehoje.com.br\/novoportal\/wp-content\/uploads\/2020\/09\/rui-consorcio.jpg\" alt=\"\" width=\"480\" height=\"320\" \/><\/a><\/p>\n<p>O Minist\u00e9rio P\u00fablico Federal (MPF) abriu novo inqu\u00e9rito para investigar a compra de respiradores feita pelo Cons\u00f3rcio do Nordeste junto \u00e0 empresa Hempcare Pharma.<\/p>\n<p>A negocia\u00e7\u00e3o frustrada de 300 respiradores, que terminou com preju\u00edzo de R$ 10 milh\u00f5es para o Governo da Bahia, j\u00e1 \u00e9 alvo de outro inqu\u00e9rito no MPF desde junho deste ano.<\/p>\n<p>Nesta nova apura\u00e7\u00e3o, o MPF mira agentes p\u00fablicos do munic\u00edpio de Araraquara, de S\u00e3o Paulo, que foram citados em depoimentos obtidos pela Opera\u00e7\u00e3o Ragnarok, deflagrada pela Pol\u00edcia Civil da Bahia para apurar a compra malfeita de respiradores.<\/p>\n<p>Segundo publica\u00e7\u00e3o no Di\u00e1rio Oficial do MPF, desta quinta-feira (10), o objetivo do novo inqu\u00e9rito civil \u00e9 <em>\u201capurar a conduta de agente(s) p\u00fablico(s) que teria(m) consentido em receber suposta vantagem indevida exigida pelo Cons\u00f3rcio Nordeste em face da empresa Hempcare\u201d. \/\/Varela Not\u00edcias<\/em><\/p>\n","protected":false},"excerpt":{"rendered":"<p>O Minist\u00e9rio P\u00fablico Federal (MPF) abriu novo inqu\u00e9rito para investigar a compra de respiradores feita pelo Cons\u00f3rcio do Nordeste junto \u00e0 empresa Hempcare Pharma. A negocia\u00e7\u00e3o frustrada de 300 respiradores, que terminou com preju\u00edzo de R$ 10 milh\u00f5es para o Governo da Bahia, j\u00e1 \u00e9 alvo de outro inqu\u00e9rito no MPF desde junho deste ano. [&hellip;]<\/p>\n","protected":false},"author":2,"featured_media":89777,"comment_status":"open","ping_status":"open","sticky":false,"template":"","format":"standard","meta":{"footnotes":"","_links_to":"","_links_to_target":""},"categories":[1],"tags":[],"class_list":["post-89776","post","type-post","status-publish","format-standard","has-post-thumbnail","hentry","category-geral"],"views":908,"_links":{"self":[{"href":"https:\/\/www.sudoestehoje.com.br\/novoportal\/wp-json\/wp\/v2\/posts\/89776","targetHints":{"allow":["GET"]}}],"collection":[{"href":"https:\/\/www.sudoestehoje.com.br\/novoportal\/wp-json\/wp\/v2\/posts"}],"about":[{"href":"https:\/\/www.sudoestehoje.com.br\/novoportal\/wp-json\/wp\/v2\/types\/post"}],"author":[{"embeddable":true,"href":"https:\/\/www.sudoestehoje.com.br\/novoportal\/wp-json\/wp\/v2\/users\/2"}],"replies":[{"embeddable":true,"href":"https:\/\/www.sudoestehoje.com.br\/novoportal\/wp-json\/wp\/v2\/comments?post=89776"}],"version-history":[{"count":2,"href":"https:\/\/www.sudoestehoje.com.br\/novoportal\/wp-json\/wp\/v2\/posts\/89776\/revisions"}],"predecessor-version":[{"id":89779,"href":"https:\/\/www.sudoestehoje.com.br\/novoportal\/wp-json\/wp\/v2\/posts\/89776\/revisions\/89779"}],"wp:featuredmedia":[{"embeddable":true,"href":"https:\/\/www.sudoestehoje.com.br\/novoportal\/wp-json\/wp\/v2\/media\/89777"}],"wp:attachment":[{"href":"https:\/\/www.sudoestehoje.com.br\/novoportal\/wp-json\/wp\/v2\/media?parent=89776"}],"wp:term":[{"taxonomy":"category","embeddable":true,"href":"https:\/\/www.sudoestehoje.com.br\/novoportal\/wp-json\/wp\/v2\/categories?post=89776"},{"taxonomy":"post_tag","embeddable":true,"href":"https:\/\/www.sudoestehoje.com.br\/novoportal\/wp-json\/wp\/v2\/tags?post=89776"}],"curies":[{"name":"wp","href":"https:\/\/api.w.org\/{rel}","templated":true}]}}