
{"id":8972,"date":"2011-09-24T00:07:05","date_gmt":"2011-09-24T03:07:05","guid":{"rendered":"http:\/\/www.sudoestehoje.com.br\/novoportal\/?p=8972"},"modified":"2011-09-25T12:34:18","modified_gmt":"2011-09-25T15:34:18","slug":"ferradas-amada-pelo-povo-e-esquecida-por-seus-representantes","status":"publish","type":"post","link":"https:\/\/www.sudoestehoje.com.br\/novoportal\/2011\/09\/24\/ferradas-amada-pelo-povo-e-esquecida-por-seus-representantes\/","title":{"rendered":"FERRADAS: AMADA PELO POVO E ESQUECIDA POR SEUS REPRESENTANTES"},"content":{"rendered":"<p><strong><a href=\"http:\/\/www.sudoestehoje.com.br\/novoportal\/wp-content\/uploads\/2011\/09\/Zem-Costa.jpg\"><img decoding=\"async\" class=\"size-medium wp-image-8973 alignleft\" title=\"Zem Costa\" src=\"http:\/\/www.sudoestehoje.com.br\/novoportal\/wp-content\/uploads\/2011\/09\/Zem-Costa-500x561.jpg\" alt=\"\" width=\"180\" srcset=\"https:\/\/www.sudoestehoje.com.br\/novoportal\/wp-content\/uploads\/2011\/09\/Zem-Costa-500x561.jpg 500w, https:\/\/www.sudoestehoje.com.br\/novoportal\/wp-content\/uploads\/2011\/09\/Zem-Costa.jpg 559w\" sizes=\"(max-width: 500px) 100vw, 500px\" \/><\/a><\/strong> Rumo a completar dois s\u00e9culos de vida, a vila de Ferradas tem ao longo de sua historia um valor important\u00edssimo para a Bahia e os baianos, n\u00e3o s\u00f3 por ser terra do maior escritor de romances do Brasil, Jorge Amado, mas tamb\u00e9m por ser um grande col\u00e9gio eleitoral, que h\u00e1 varias elei\u00e7\u00f5es, vem ajudando a eleger\u00a0vereadores, deputados estaduais, deputados federais e prefeitos.<\/p>\n<p>Mais depois de eleitos, esses representantes viram as costas, esquecem e n\u00e3o reconhecem a grande contribui\u00e7\u00e3o que Ferradas \u00a0proporcionou a eles nas urnas.<\/p>\n<p>Ferradas, h\u00e1 anos, vive esburacada, sem op\u00e7\u00f5es de lazer para os jovens, seguran\u00e7a e \u00a0ilumina\u00e7\u00e3o. N\u00e3o \u00e9 justo abandonar um lugar que historicamente sempre colaborou para elevar o nome da cidade de \u00a0Itabuna e regi\u00e3o, nas \u00a0\u00e1reas cultural, intelectual e esportiva.<\/p>\n<p>Por isto, caros leitores, \u00e9 por meio dessa mensagem, que expresso o sentimento de centenas de moradores \u00a0indignados com a situa\u00e7\u00e3o local que vivemos.<\/p>\n<p><em><strong>ZEM, <\/strong>Professor e morador de Ferradas<\/em><\/p>\n","protected":false},"excerpt":{"rendered":"<p>Rumo a completar dois s\u00e9culos de vida, a vila de Ferradas tem ao longo de sua historia um valor important\u00edssimo para a Bahia e os baianos, n\u00e3o s\u00f3 por ser terra do maior escritor de romances do Brasil, Jorge Amado, mas tamb\u00e9m por ser um grande col\u00e9gio eleitoral, que h\u00e1 varias elei\u00e7\u00f5es, vem ajudando a [&hellip;]<\/p>\n","protected":false},"author":2,"featured_media":0,"comment_status":"open","ping_status":"open","sticky":false,"template":"","format":"standard","meta":{"footnotes":"","_links_to":"","_links_to_target":""},"categories":[1],"tags":[],"class_list":["post-8972","post","type-post","status-publish","format-standard","hentry","category-geral"],"views":1248,"_links":{"self":[{"href":"https:\/\/www.sudoestehoje.com.br\/novoportal\/wp-json\/wp\/v2\/posts\/8972","targetHints":{"allow":["GET"]}}],"collection":[{"href":"https:\/\/www.sudoestehoje.com.br\/novoportal\/wp-json\/wp\/v2\/posts"}],"about":[{"href":"https:\/\/www.sudoestehoje.com.br\/novoportal\/wp-json\/wp\/v2\/types\/post"}],"author":[{"embeddable":true,"href":"https:\/\/www.sudoestehoje.com.br\/novoportal\/wp-json\/wp\/v2\/users\/2"}],"replies":[{"embeddable":true,"href":"https:\/\/www.sudoestehoje.com.br\/novoportal\/wp-json\/wp\/v2\/comments?post=8972"}],"version-history":[{"count":5,"href":"https:\/\/www.sudoestehoje.com.br\/novoportal\/wp-json\/wp\/v2\/posts\/8972\/revisions"}],"predecessor-version":[{"id":8976,"href":"https:\/\/www.sudoestehoje.com.br\/novoportal\/wp-json\/wp\/v2\/posts\/8972\/revisions\/8976"}],"wp:attachment":[{"href":"https:\/\/www.sudoestehoje.com.br\/novoportal\/wp-json\/wp\/v2\/media?parent=8972"}],"wp:term":[{"taxonomy":"category","embeddable":true,"href":"https:\/\/www.sudoestehoje.com.br\/novoportal\/wp-json\/wp\/v2\/categories?post=8972"},{"taxonomy":"post_tag","embeddable":true,"href":"https:\/\/www.sudoestehoje.com.br\/novoportal\/wp-json\/wp\/v2\/tags?post=8972"}],"curies":[{"name":"wp","href":"https:\/\/api.w.org\/{rel}","templated":true}]}}