
{"id":897,"date":"2010-10-04T01:51:19","date_gmt":"2010-10-04T04:51:19","guid":{"rendered":"http:\/\/sudoestehoje.tempsite.ws\/novoportal\/?p=897"},"modified":"2010-10-04T01:51:19","modified_gmt":"2010-10-04T04:51:19","slug":"eleicoes-lista-dos-deputados-federais-eleitos-na-bahia","status":"publish","type":"post","link":"https:\/\/www.sudoestehoje.com.br\/novoportal\/2010\/10\/04\/eleicoes-lista-dos-deputados-federais-eleitos-na-bahia\/","title":{"rendered":"Elei\u00e7\u00f5es: Lista dos deputados federais eleitos na Bahia"},"content":{"rendered":"<p style=\"text-align: center;\"><strong><img decoding=\"async\" src=\"http:\/\/www.blogdopudim.com.br\/wp-content\/uploads\/2010\/08\/camara.jpg\" alt=\"\" \/><\/strong><\/p>\n<p>Para a C\u00e2mara dos Deputados, a dianteira n\u00e3o foi surpresa. ACM Neto (DEM) encabe\u00e7ou durante toda a apura\u00e7\u00e3o como o candidato mais votado. Ele foi seguido pelo postulante L\u00facio Vieira Lima (PMDB) e pelo deputado Pelegrino (PT). Confira abaixo a lista dos eleitos para o cargo:<\/p>\n<p><strong>PRA BAHIA SEGUIR MUDANDO\u00a0\u00a0 (Vagas: 22)<\/strong>\u00a0\u00a0<br \/>\nRui Costa (PT) &#8211; 205.082<br \/>\nPelegrino (PT) &#8211; 202.470<br \/>\nJo\u00e3o Le\u00e3o (PP) &#8211; 201.719<br \/>\nM\u00e1rio Negromonte (PP) &#8211; 168.492<br \/>\nM\u00e1rcio Marinho (PRB) &#8211; 157.742<br \/>\nFelix Jr (PDT) &#8211; 148.104<br \/>\nAfonso \u00a0(PT) &#8211; 141.401<br \/>\nDaniel Almeida (PC DO B) &#8211; 134.680<br \/>\nValmir Assun\u00e7\u00e3o (PT) &#8211; 131.775<br \/>\nZ\u00e9zeu (PT) &#8211; 108.539<br \/>\nEdson Pimenta (PC DO B) &#8211; 103.286<br \/>\nAlice Portugal (PC do B) &#8211; 101.298<br \/>\nWaldenor (PT) &#8211; 87.800<br \/>\nOziel Oliveira (PDT) &#8211;\u00a079.516<br \/>\nGeraldo Sim\u00f5es (PT) &#8211; 75.879<br \/>\nJosias Gomes (PT) &#8211; 69.245<br \/>\nJose Carlos Araujo (PDT) &#8211; 68.873<br \/>\nMarcos Medrado (PDT) &#8211; 68.068<br \/>\nLuiz Arg\u00f4lo (PP) &#8211; 66.677<br \/>\nRoberto Britto (PP) &#8211; 63.981<br \/>\nAmauri Teixeira (PT) &#8211; 63.603<br \/>\nLuiz Alberto (PT) &#8211; 63.308<br \/>\n<strong>PARA FAZER ACONTECER\u00a0\u00a0 (Vagas: 8 )<br \/>\n<\/strong>Lucio Vieira Lima (PMDB) &#8211; 219.031<br \/>\nMauricio Trindade (PR) &#8211; 77.255<br \/>\nJo\u00e3o Bacelar (PR) &#8211; 74.918<br \/>\nJos\u00e9 Rocha (PR) &#8211; 71.408<br \/>\nS\u00e9rgio Brito (PSC) &#8211; 70.759<br \/>\nAntonio Brito (PTB) &#8211; 70.125<br \/>\nArthur Maia (PMDB) &#8211; 69.556<br \/>\nErivelton Santana (PSC) &#8211; 69.501<br \/>\n<strong>DEMOCRATAS\u00a0\u00a0 (Vagas: 6)<\/strong><br \/>\nACM Neto (DEM) &#8211;\u00a0326.893<br \/>\nFernando Torres (DEM) &#8211; 78.347<br \/>\nClaudio Cajado (DEM) &#8211; 71.978<br \/>\nJos\u00e9 Nunes (DEM) &#8211; 70.406<br \/>\nFabio Souto (DEM) &#8211; 65.913<br \/>\nPaulo Magalh\u00e3es (DEM) &#8211; 53.452<br \/>\n<strong>PARTIDO DA SOCIAL DEMOCRACIA BRASILEIRA\u00a0\u00a0 (Vagas: 2)\u00a0\u00a0\u00a0<br \/>\n<\/strong>Antonio Imbassahy (PSDB) &#8211;\u00a0112.465<br \/>\nJutahy Magalh\u00e3es J\u00fanior (PSDB) &#8211;\u00a0108.086<br \/>\n<strong>VITORIA DE UMA BAHIA QUE TEM PRESSA\u00a0\u00a0 (Vagas: 1)\u00a0\u00a0<\/strong>\u00a0<br \/>\nJ\u00e2nio Natal (PRP) &#8211; 41.537<\/p>\n","protected":false},"excerpt":{"rendered":"<p>Para a C\u00e2mara dos Deputados, a dianteira n\u00e3o foi surpresa. ACM Neto (DEM) encabe\u00e7ou durante toda a apura\u00e7\u00e3o como o candidato mais votado. Ele foi seguido pelo postulante L\u00facio Vieira Lima (PMDB) e pelo deputado Pelegrino (PT). Confira abaixo a lista dos eleitos para o cargo: PRA BAHIA SEGUIR MUDANDO\u00a0\u00a0 (Vagas: 22)\u00a0\u00a0 Rui Costa (PT) [&hellip;]<\/p>\n","protected":false},"author":2,"featured_media":0,"comment_status":"open","ping_status":"open","sticky":false,"template":"","format":"standard","meta":{"footnotes":"","_links_to":"","_links_to_target":""},"categories":[1],"tags":[],"class_list":["post-897","post","type-post","status-publish","format-standard","hentry","category-geral"],"views":1082,"_links":{"self":[{"href":"https:\/\/www.sudoestehoje.com.br\/novoportal\/wp-json\/wp\/v2\/posts\/897","targetHints":{"allow":["GET"]}}],"collection":[{"href":"https:\/\/www.sudoestehoje.com.br\/novoportal\/wp-json\/wp\/v2\/posts"}],"about":[{"href":"https:\/\/www.sudoestehoje.com.br\/novoportal\/wp-json\/wp\/v2\/types\/post"}],"author":[{"embeddable":true,"href":"https:\/\/www.sudoestehoje.com.br\/novoportal\/wp-json\/wp\/v2\/users\/2"}],"replies":[{"embeddable":true,"href":"https:\/\/www.sudoestehoje.com.br\/novoportal\/wp-json\/wp\/v2\/comments?post=897"}],"version-history":[{"count":3,"href":"https:\/\/www.sudoestehoje.com.br\/novoportal\/wp-json\/wp\/v2\/posts\/897\/revisions"}],"predecessor-version":[{"id":900,"href":"https:\/\/www.sudoestehoje.com.br\/novoportal\/wp-json\/wp\/v2\/posts\/897\/revisions\/900"}],"wp:attachment":[{"href":"https:\/\/www.sudoestehoje.com.br\/novoportal\/wp-json\/wp\/v2\/media?parent=897"}],"wp:term":[{"taxonomy":"category","embeddable":true,"href":"https:\/\/www.sudoestehoje.com.br\/novoportal\/wp-json\/wp\/v2\/categories?post=897"},{"taxonomy":"post_tag","embeddable":true,"href":"https:\/\/www.sudoestehoje.com.br\/novoportal\/wp-json\/wp\/v2\/tags?post=897"}],"curies":[{"name":"wp","href":"https:\/\/api.w.org\/{rel}","templated":true}]}}