
{"id":89642,"date":"2020-09-07T20:44:03","date_gmt":"2020-09-07T23:44:03","guid":{"rendered":"https:\/\/www.sudoestehoje.com.br\/novoportal\/?p=89642"},"modified":"2020-09-07T20:44:03","modified_gmt":"2020-09-07T23:44:03","slug":"maiquinique-convencao-virou-festa-com-carreata-e-passeata-com-quase-mil-pessoas","status":"publish","type":"post","link":"https:\/\/www.sudoestehoje.com.br\/novoportal\/2020\/09\/07\/maiquinique-convencao-virou-festa-com-carreata-e-passeata-com-quase-mil-pessoas\/","title":{"rendered":"MAIQUINIQUE: CONVEN\u00c7\u00c3O VIROU FESTA COM CARREATA E PASSEATA COM QUASE MIL PESSOAS"},"content":{"rendered":"<p><a href=\"https:\/\/www.sudoestehoje.com.br\/novoportal\/wp-content\/uploads\/2020\/09\/maiq-1.jpeg\"><img loading=\"lazy\" decoding=\"async\" class=\"aligncenter size-medium wp-image-89644\" src=\"https:\/\/www.sudoestehoje.com.br\/novoportal\/wp-content\/uploads\/2020\/09\/maiq-1-500x377.jpeg\" alt=\"\" width=\"500\" height=\"377\" srcset=\"https:\/\/www.sudoestehoje.com.br\/novoportal\/wp-content\/uploads\/2020\/09\/maiq-1-500x377.jpeg 500w, https:\/\/www.sudoestehoje.com.br\/novoportal\/wp-content\/uploads\/2020\/09\/maiq-1-700x528.jpeg 700w, https:\/\/www.sudoestehoje.com.br\/novoportal\/wp-content\/uploads\/2020\/09\/maiq-1-768x580.jpeg 768w, https:\/\/www.sudoestehoje.com.br\/novoportal\/wp-content\/uploads\/2020\/09\/maiq-1.jpeg 1080w\" sizes=\"auto, (max-width: 500px) 100vw, 500px\" \/><\/a><\/p>\n<p>Na conven\u00e7\u00e3o municipal do DEM, em Maiquinique, os partid\u00e1rios do prefeito Jesulino Porto promoveram, mesmo em tempos de pandemia, uma passeata com cerca de mil pessoas, a maioria sem m\u00e1scaras, pelas ruas da cidade, em flagrante desrespeito \u00e0s normas estabelecidas por decreto estadual e municipal.<\/p>\n<p>De acordo com as normas baixadas pelo pr\u00f3prio TSE, as conven\u00e7\u00f5es devem ser realizadas com restri\u00e7\u00e3o de acesso de pessoas, para evitar aglomera\u00e7\u00f5es e consequente contamina\u00e7\u00e3o pela Covid-19.<\/p>\n<p><a href=\"https:\/\/www.sudoestehoje.com.br\/novoportal\/wp-content\/uploads\/2020\/09\/maiq-2.jpeg\"><img loading=\"lazy\" decoding=\"async\" class=\"aligncenter size-medium wp-image-89645\" src=\"https:\/\/www.sudoestehoje.com.br\/novoportal\/wp-content\/uploads\/2020\/09\/maiq-2-500x333.jpeg\" alt=\"\" width=\"500\" height=\"333\" srcset=\"https:\/\/www.sudoestehoje.com.br\/novoportal\/wp-content\/uploads\/2020\/09\/maiq-2-500x333.jpeg 500w, https:\/\/www.sudoestehoje.com.br\/novoportal\/wp-content\/uploads\/2020\/09\/maiq-2-700x467.jpeg 700w, https:\/\/www.sudoestehoje.com.br\/novoportal\/wp-content\/uploads\/2020\/09\/maiq-2-768x512.jpeg 768w, https:\/\/www.sudoestehoje.com.br\/novoportal\/wp-content\/uploads\/2020\/09\/maiq-2.jpeg 1072w\" sizes=\"auto, (max-width: 500px) 100vw, 500px\" \/><\/a><\/p>\n<p>Pelas imagens portadas nas redes sociais, os apoiadores de Jesulino decidiram <em>&#8216;chutar o pau da barraca&#8217;<\/em>, numa demonstra\u00e7\u00e3o inequ\u00edvoca de falta de bom senso e de total irresponsabilidade.<\/p>\n<div style=\"width: 640px;\" class=\"wp-video\"><!--[if lt IE 9]><script>document.createElement('video');<\/script><![endif]-->\n<video class=\"wp-video-shortcode\" id=\"video-89642-1\" width=\"640\" height=\"352\" preload=\"metadata\" controls=\"controls\"><source type=\"video\/mp4\" src=\"https:\/\/www.sudoestehoje.com.br\/novoportal\/wp-content\/uploads\/2020\/09\/video-maiq.mp4?_=1\" \/><a href=\"https:\/\/www.sudoestehoje.com.br\/novoportal\/wp-content\/uploads\/2020\/09\/video-maiq.mp4\">https:\/\/www.sudoestehoje.com.br\/novoportal\/wp-content\/uploads\/2020\/09\/video-maiq.mp4<\/a><\/video><\/div>\n<p><em><strong>Por Davi Ferraz<\/strong><\/em><\/p>\n","protected":false},"excerpt":{"rendered":"<p>Na conven\u00e7\u00e3o municipal do DEM, em Maiquinique, os partid\u00e1rios do prefeito Jesulino Porto promoveram, mesmo em tempos de pandemia, uma passeata com cerca de mil pessoas, a maioria sem m\u00e1scaras, pelas ruas da cidade, em flagrante desrespeito \u00e0s normas estabelecidas por decreto estadual e municipal. De acordo com as normas baixadas pelo pr\u00f3prio TSE, as [&hellip;]<\/p>\n","protected":false},"author":2,"featured_media":89644,"comment_status":"open","ping_status":"open","sticky":false,"template":"","format":"standard","meta":{"footnotes":"","_links_to":"","_links_to_target":""},"categories":[1],"tags":[],"class_list":["post-89642","post","type-post","status-publish","format-standard","has-post-thumbnail","hentry","category-geral"],"views":1299,"_links":{"self":[{"href":"https:\/\/www.sudoestehoje.com.br\/novoportal\/wp-json\/wp\/v2\/posts\/89642","targetHints":{"allow":["GET"]}}],"collection":[{"href":"https:\/\/www.sudoestehoje.com.br\/novoportal\/wp-json\/wp\/v2\/posts"}],"about":[{"href":"https:\/\/www.sudoestehoje.com.br\/novoportal\/wp-json\/wp\/v2\/types\/post"}],"author":[{"embeddable":true,"href":"https:\/\/www.sudoestehoje.com.br\/novoportal\/wp-json\/wp\/v2\/users\/2"}],"replies":[{"embeddable":true,"href":"https:\/\/www.sudoestehoje.com.br\/novoportal\/wp-json\/wp\/v2\/comments?post=89642"}],"version-history":[{"count":2,"href":"https:\/\/www.sudoestehoje.com.br\/novoportal\/wp-json\/wp\/v2\/posts\/89642\/revisions"}],"predecessor-version":[{"id":89647,"href":"https:\/\/www.sudoestehoje.com.br\/novoportal\/wp-json\/wp\/v2\/posts\/89642\/revisions\/89647"}],"wp:featuredmedia":[{"embeddable":true,"href":"https:\/\/www.sudoestehoje.com.br\/novoportal\/wp-json\/wp\/v2\/media\/89644"}],"wp:attachment":[{"href":"https:\/\/www.sudoestehoje.com.br\/novoportal\/wp-json\/wp\/v2\/media?parent=89642"}],"wp:term":[{"taxonomy":"category","embeddable":true,"href":"https:\/\/www.sudoestehoje.com.br\/novoportal\/wp-json\/wp\/v2\/categories?post=89642"},{"taxonomy":"post_tag","embeddable":true,"href":"https:\/\/www.sudoestehoje.com.br\/novoportal\/wp-json\/wp\/v2\/tags?post=89642"}],"curies":[{"name":"wp","href":"https:\/\/api.w.org\/{rel}","templated":true}]}}