
{"id":89617,"date":"2020-09-06T20:49:07","date_gmt":"2020-09-06T23:49:07","guid":{"rendered":"https:\/\/www.sudoestehoje.com.br\/novoportal\/?p=89617"},"modified":"2020-09-06T20:49:07","modified_gmt":"2020-09-06T23:49:07","slug":"ibope-para-71-populacao-foi-a-maior-responsavel-pelo-prolongamento-da-pandemia","status":"publish","type":"post","link":"https:\/\/www.sudoestehoje.com.br\/novoportal\/2020\/09\/06\/ibope-para-71-populacao-foi-a-maior-responsavel-pelo-prolongamento-da-pandemia\/","title":{"rendered":"IBOPE: PARA 71%, POPULA\u00c7\u00c3O FOI A MAIOR RESPONS\u00c1VEL PELO PROLONGAMENTO DA PANDEMIA"},"content":{"rendered":"<p><a href=\"https:\/\/www.sudoestehoje.com.br\/novoportal\/wp-content\/uploads\/2020\/09\/PRAIA-RIO.jpg\"><img loading=\"lazy\" decoding=\"async\" class=\"aligncenter size-medium wp-image-89620\" src=\"https:\/\/www.sudoestehoje.com.br\/novoportal\/wp-content\/uploads\/2020\/09\/PRAIA-RIO-500x333.jpg\" alt=\"\" width=\"500\" height=\"333\" srcset=\"https:\/\/www.sudoestehoje.com.br\/novoportal\/wp-content\/uploads\/2020\/09\/PRAIA-RIO-500x333.jpg 500w, https:\/\/www.sudoestehoje.com.br\/novoportal\/wp-content\/uploads\/2020\/09\/PRAIA-RIO-700x467.jpg 700w, https:\/\/www.sudoestehoje.com.br\/novoportal\/wp-content\/uploads\/2020\/09\/PRAIA-RIO-768x512.jpg 768w, https:\/\/www.sudoestehoje.com.br\/novoportal\/wp-content\/uploads\/2020\/09\/PRAIA-RIO.jpg 1008w\" sizes=\"auto, (max-width: 500px) 100vw, 500px\" \/><\/a><\/p>\n<p>Uma pesquisa do Ibope encomendada pelo jornal GLOBO revelou que 71% dos usu\u00e1rios de internet do pa\u00eds concordam que os problemas causados pela Covid-19 foram maiores que o esperado. Quando perguntado quem seria um dos maiores respons\u00e1veis pela situa\u00e7\u00e3o as opini\u00f5es se dividiram. 38% dos usu\u00e1rios da rede concordaram que a popula\u00e7\u00e3o tem a maior parcela da culpa. J\u00e1 outros 33% atribu\u00edram a responsabilidade ao presidente Jair Bolsonaro (sem partido).<\/p>\n<p>Ao abordar a prefer\u00eancia pol\u00edtica dos entrevistados, a pesquisa apontou\u00a0que, entre os que se declararam de direita, 8% veem Bolsonaro com principal culpado pelo agravamento da pandemia, enquanto 45% acreditam que a popula\u00e7\u00e3o \u00e9 o maior motivador.<\/p>\n<p>J\u00e1 no universo de esquerda, 78% responsabilizam o presidente, enquanto 15% apontam para o povo brasileiro. O Ibope ouviu 2.626 adultos, no universo de classes A, B e C. As respostas foram colhidas pelo painel de internautas do Ibope Intelig\u00eancia, entre 21 e 31 de agosto, em todas as regi\u00f5es do pa\u00eds.<\/p>\n","protected":false},"excerpt":{"rendered":"<p>Uma pesquisa do Ibope encomendada pelo jornal GLOBO revelou que 71% dos usu\u00e1rios de internet do pa\u00eds concordam que os problemas causados pela Covid-19 foram maiores que o esperado. Quando perguntado quem seria um dos maiores respons\u00e1veis pela situa\u00e7\u00e3o as opini\u00f5es se dividiram. 38% dos usu\u00e1rios da rede concordaram que a popula\u00e7\u00e3o tem a maior [&hellip;]<\/p>\n","protected":false},"author":2,"featured_media":89620,"comment_status":"open","ping_status":"open","sticky":false,"template":"","format":"standard","meta":{"footnotes":"","_links_to":"","_links_to_target":""},"categories":[1],"tags":[],"class_list":["post-89617","post","type-post","status-publish","format-standard","has-post-thumbnail","hentry","category-geral"],"views":897,"_links":{"self":[{"href":"https:\/\/www.sudoestehoje.com.br\/novoportal\/wp-json\/wp\/v2\/posts\/89617","targetHints":{"allow":["GET"]}}],"collection":[{"href":"https:\/\/www.sudoestehoje.com.br\/novoportal\/wp-json\/wp\/v2\/posts"}],"about":[{"href":"https:\/\/www.sudoestehoje.com.br\/novoportal\/wp-json\/wp\/v2\/types\/post"}],"author":[{"embeddable":true,"href":"https:\/\/www.sudoestehoje.com.br\/novoportal\/wp-json\/wp\/v2\/users\/2"}],"replies":[{"embeddable":true,"href":"https:\/\/www.sudoestehoje.com.br\/novoportal\/wp-json\/wp\/v2\/comments?post=89617"}],"version-history":[{"count":2,"href":"https:\/\/www.sudoestehoje.com.br\/novoportal\/wp-json\/wp\/v2\/posts\/89617\/revisions"}],"predecessor-version":[{"id":89621,"href":"https:\/\/www.sudoestehoje.com.br\/novoportal\/wp-json\/wp\/v2\/posts\/89617\/revisions\/89621"}],"wp:featuredmedia":[{"embeddable":true,"href":"https:\/\/www.sudoestehoje.com.br\/novoportal\/wp-json\/wp\/v2\/media\/89620"}],"wp:attachment":[{"href":"https:\/\/www.sudoestehoje.com.br\/novoportal\/wp-json\/wp\/v2\/media?parent=89617"}],"wp:term":[{"taxonomy":"category","embeddable":true,"href":"https:\/\/www.sudoestehoje.com.br\/novoportal\/wp-json\/wp\/v2\/categories?post=89617"},{"taxonomy":"post_tag","embeddable":true,"href":"https:\/\/www.sudoestehoje.com.br\/novoportal\/wp-json\/wp\/v2\/tags?post=89617"}],"curies":[{"name":"wp","href":"https:\/\/api.w.org\/{rel}","templated":true}]}}