
{"id":8956,"date":"2011-09-23T23:50:41","date_gmt":"2011-09-24T02:50:41","guid":{"rendered":"http:\/\/www.sudoestehoje.com.br\/novoportal\/?p=8956"},"modified":"2011-09-23T23:50:41","modified_gmt":"2011-09-24T02:50:41","slug":"limites-dos-municipios-do-sudoeste-estao-sendo-atualizados","status":"publish","type":"post","link":"https:\/\/www.sudoestehoje.com.br\/novoportal\/2011\/09\/23\/limites-dos-municipios-do-sudoeste-estao-sendo-atualizados\/","title":{"rendered":"LIMITES DOS MUNIC\u00cdPIOS DO SUDOESTE EST\u00c3O SENDO ATUALIZADOS"},"content":{"rendered":"<p style=\"text-align: center;\"><img decoding=\"async\" class=\"aligncenter\" src=\"http:\/\/4.bp.blogspot.com\/_SFKur2DpQE0\/TO1QTySREiI\/AAAAAAAAAM0\/qhfTGDlsaSA\/S350\/sudoeste_clima.jpg\" alt=\"\" width=\"400\" \/><\/p>\n<p>A Superintend\u00eancia de Estudos Econ\u00f4micos e Sociais da Bahia (SEI), autarquia da Secretaria do Planejamento (Seplan), em resposta \u00e0s reivindica\u00e7\u00f5es encaminhadas pela Uni\u00e3o dos Munic\u00edpios da Bahia (UPB) ao Governo do Estado, esclarece que o t\u00f3pico \u201cLimites Territoriais\u201d j\u00e1 est\u00e1 sendo atendido.<\/p>\n<p>Os 37 munic\u00edpios que comp\u00f5em os territ\u00f3rios de identidade de Vit\u00f3ria da Conquista e de Itapetinga j\u00e1 tiveram suas divisas atualizadas, em trabalho iniciado no m\u00eas de maio, pela SEI, em parceria com o Instituto Brasileiro de Geografia e Estat\u00edstica (IBGE) e a Comiss\u00e3o Especial de Assuntos Territoriais e Emancipa\u00e7\u00e3o da Assembleia Legislativa da Bahia.<\/p>\n<p>Os trabalhos est\u00e3o transcorrendo em conformidade com o Plano de A\u00e7\u00e3o elaborado pela Comiss\u00e3o e a SEI. O referido Plano foi aprovado na Assembleia Legislativa no dia 11.05.2011, cumprindo assim a Lei 12.057, sancionada em 11.01.2011, que determinava o prazo de 120 dias para sua aprova\u00e7\u00e3o. A proposta de Projeto de Lei que oficializa as novas divisas do territ\u00f3rio de identidade de Vit\u00f3ria da Conquista j\u00e1 foi encaminhada pela SEI \u00e0 ALBA.<\/p>\n<p>Neste momento, a SEI est\u00e1 consolidando e elaborando o Projeto de Lei para o territ\u00f3rio de Itapetinga, que seguir\u00e1 o mesmo processo. A SEI informa que este trabalho inicia a corre\u00e7\u00e3o de uma defasagem de quase seis d\u00e9cadas da Lei de Divis\u00e3o Territorial do Estado da Bahia, que data de 1953, quando a Bahia tinha cerca de 150 munic\u00edpios, sendo hoje 417.<\/p>\n","protected":false},"excerpt":{"rendered":"<p>A Superintend\u00eancia de Estudos Econ\u00f4micos e Sociais da Bahia (SEI), autarquia da Secretaria do Planejamento (Seplan), em resposta \u00e0s reivindica\u00e7\u00f5es encaminhadas pela Uni\u00e3o dos Munic\u00edpios da Bahia (UPB) ao Governo do Estado, esclarece que o t\u00f3pico \u201cLimites Territoriais\u201d j\u00e1 est\u00e1 sendo atendido. Os 37 munic\u00edpios que comp\u00f5em os territ\u00f3rios de identidade de Vit\u00f3ria da Conquista [&hellip;]<\/p>\n","protected":false},"author":2,"featured_media":0,"comment_status":"open","ping_status":"open","sticky":false,"template":"","format":"standard","meta":{"footnotes":"","_links_to":"","_links_to_target":""},"categories":[1],"tags":[],"class_list":["post-8956","post","type-post","status-publish","format-standard","hentry","category-geral"],"views":1236,"_links":{"self":[{"href":"https:\/\/www.sudoestehoje.com.br\/novoportal\/wp-json\/wp\/v2\/posts\/8956","targetHints":{"allow":["GET"]}}],"collection":[{"href":"https:\/\/www.sudoestehoje.com.br\/novoportal\/wp-json\/wp\/v2\/posts"}],"about":[{"href":"https:\/\/www.sudoestehoje.com.br\/novoportal\/wp-json\/wp\/v2\/types\/post"}],"author":[{"embeddable":true,"href":"https:\/\/www.sudoestehoje.com.br\/novoportal\/wp-json\/wp\/v2\/users\/2"}],"replies":[{"embeddable":true,"href":"https:\/\/www.sudoestehoje.com.br\/novoportal\/wp-json\/wp\/v2\/comments?post=8956"}],"version-history":[{"count":2,"href":"https:\/\/www.sudoestehoje.com.br\/novoportal\/wp-json\/wp\/v2\/posts\/8956\/revisions"}],"predecessor-version":[{"id":8958,"href":"https:\/\/www.sudoestehoje.com.br\/novoportal\/wp-json\/wp\/v2\/posts\/8956\/revisions\/8958"}],"wp:attachment":[{"href":"https:\/\/www.sudoestehoje.com.br\/novoportal\/wp-json\/wp\/v2\/media?parent=8956"}],"wp:term":[{"taxonomy":"category","embeddable":true,"href":"https:\/\/www.sudoestehoje.com.br\/novoportal\/wp-json\/wp\/v2\/categories?post=8956"},{"taxonomy":"post_tag","embeddable":true,"href":"https:\/\/www.sudoestehoje.com.br\/novoportal\/wp-json\/wp\/v2\/tags?post=8956"}],"curies":[{"name":"wp","href":"https:\/\/api.w.org\/{rel}","templated":true}]}}