
{"id":89555,"date":"2020-09-03T20:55:54","date_gmt":"2020-09-03T23:55:54","guid":{"rendered":"https:\/\/www.sudoestehoje.com.br\/novoportal\/?p=89555"},"modified":"2020-09-03T20:55:54","modified_gmt":"2020-09-03T23:55:54","slug":"itapetinga-convencao-do-mdb-sera-realizada-no-dia-15-de-setembro-no-itc","status":"publish","type":"post","link":"https:\/\/www.sudoestehoje.com.br\/novoportal\/2020\/09\/03\/itapetinga-convencao-do-mdb-sera-realizada-no-dia-15-de-setembro-no-itc\/","title":{"rendered":"ITAPETINGA: CONVEN\u00c7\u00c3O DO MDB SER\u00c1 REALIZADA NO DIA 15 DE SETEMBRO, NO ITC"},"content":{"rendered":"<p><a href=\"https:\/\/www.sudoestehoje.com.br\/novoportal\/wp-content\/uploads\/2020\/09\/mdb-itap.jpg\"><img loading=\"lazy\" decoding=\"async\" class=\"aligncenter size-medium wp-image-89556\" src=\"https:\/\/www.sudoestehoje.com.br\/novoportal\/wp-content\/uploads\/2020\/09\/mdb-itap-500x375.jpg\" alt=\"\" width=\"500\" height=\"375\" srcset=\"https:\/\/www.sudoestehoje.com.br\/novoportal\/wp-content\/uploads\/2020\/09\/mdb-itap-500x375.jpg 500w, https:\/\/www.sudoestehoje.com.br\/novoportal\/wp-content\/uploads\/2020\/09\/mdb-itap-700x525.jpg 700w, https:\/\/www.sudoestehoje.com.br\/novoportal\/wp-content\/uploads\/2020\/09\/mdb-itap-768x576.jpg 768w, https:\/\/www.sudoestehoje.com.br\/novoportal\/wp-content\/uploads\/2020\/09\/mdb-itap.jpg 1152w\" sizes=\"auto, (max-width: 500px) 100vw, 500px\" \/><\/a><\/p>\n<p>A Conven\u00e7\u00e3o Municipal do MDB, partido do prefeito Rodrigo Hagge, ser\u00e1 realizada no dia 15 de setembro pr\u00f3ximo, no Itapetinga T\u00eanis Clube &#8211; ITC.<\/p>\n<p>Segundo informa\u00e7\u00f5es da assessoria do partido, o acesso \u00e0 conven\u00e7\u00e3o ser\u00e1 restrito aos pr\u00e9-candidatos a prefeito e vereador, e presidentes de partidos pol\u00edticos, por medida de seguran\u00e7a contra a Covid-19.<\/p>\n<p>A proposta da dire\u00e7\u00e3o do partido \u00e9 realizar a<em> &#8216;maior Live da hist\u00f3ria de Itapetinga&#8217;,<\/em> durante todo o dia.<\/p>\n<p>O Edital dever\u00e1 ser publicado nesta sexta-feira (4).<\/p>\n<p><strong><em>Por Davi Ferraz\u00a0 \u00a0<\/em><\/strong><\/p>\n","protected":false},"excerpt":{"rendered":"<p>A Conven\u00e7\u00e3o Municipal do MDB, partido do prefeito Rodrigo Hagge, ser\u00e1 realizada no dia 15 de setembro pr\u00f3ximo, no Itapetinga T\u00eanis Clube &#8211; ITC. Segundo informa\u00e7\u00f5es da assessoria do partido, o acesso \u00e0 conven\u00e7\u00e3o ser\u00e1 restrito aos pr\u00e9-candidatos a prefeito e vereador, e presidentes de partidos pol\u00edticos, por medida de seguran\u00e7a contra a Covid-19. A [&hellip;]<\/p>\n","protected":false},"author":2,"featured_media":89556,"comment_status":"open","ping_status":"open","sticky":false,"template":"","format":"standard","meta":{"footnotes":"","_links_to":"","_links_to_target":""},"categories":[1],"tags":[],"class_list":["post-89555","post","type-post","status-publish","format-standard","has-post-thumbnail","hentry","category-geral"],"views":1318,"_links":{"self":[{"href":"https:\/\/www.sudoestehoje.com.br\/novoportal\/wp-json\/wp\/v2\/posts\/89555","targetHints":{"allow":["GET"]}}],"collection":[{"href":"https:\/\/www.sudoestehoje.com.br\/novoportal\/wp-json\/wp\/v2\/posts"}],"about":[{"href":"https:\/\/www.sudoestehoje.com.br\/novoportal\/wp-json\/wp\/v2\/types\/post"}],"author":[{"embeddable":true,"href":"https:\/\/www.sudoestehoje.com.br\/novoportal\/wp-json\/wp\/v2\/users\/2"}],"replies":[{"embeddable":true,"href":"https:\/\/www.sudoestehoje.com.br\/novoportal\/wp-json\/wp\/v2\/comments?post=89555"}],"version-history":[{"count":1,"href":"https:\/\/www.sudoestehoje.com.br\/novoportal\/wp-json\/wp\/v2\/posts\/89555\/revisions"}],"predecessor-version":[{"id":89557,"href":"https:\/\/www.sudoestehoje.com.br\/novoportal\/wp-json\/wp\/v2\/posts\/89555\/revisions\/89557"}],"wp:featuredmedia":[{"embeddable":true,"href":"https:\/\/www.sudoestehoje.com.br\/novoportal\/wp-json\/wp\/v2\/media\/89556"}],"wp:attachment":[{"href":"https:\/\/www.sudoestehoje.com.br\/novoportal\/wp-json\/wp\/v2\/media?parent=89555"}],"wp:term":[{"taxonomy":"category","embeddable":true,"href":"https:\/\/www.sudoestehoje.com.br\/novoportal\/wp-json\/wp\/v2\/categories?post=89555"},{"taxonomy":"post_tag","embeddable":true,"href":"https:\/\/www.sudoestehoje.com.br\/novoportal\/wp-json\/wp\/v2\/tags?post=89555"}],"curies":[{"name":"wp","href":"https:\/\/api.w.org\/{rel}","templated":true}]}}