
{"id":89506,"date":"2020-09-02T19:54:35","date_gmt":"2020-09-02T22:54:35","guid":{"rendered":"https:\/\/www.sudoestehoje.com.br\/novoportal\/?p=89506"},"modified":"2020-09-02T19:55:58","modified_gmt":"2020-09-02T22:55:58","slug":"itororo-ja-tem-78-dos-casos-de-covid-19-curados-11-obitos-foram-registrados","status":"publish","type":"post","link":"https:\/\/www.sudoestehoje.com.br\/novoportal\/2020\/09\/02\/itororo-ja-tem-78-dos-casos-de-covid-19-curados-11-obitos-foram-registrados\/","title":{"rendered":"ITOROR\u00d3 J\u00c1 TEM 78% DOS CASOS DE COVID-19 CURADOS; 11 \u00d3BITOS FORAM REGISTRADOS"},"content":{"rendered":"<p><a href=\"https:\/\/www.sudoestehoje.com.br\/novoportal\/wp-content\/uploads\/2020\/09\/541-COVID-ITORORO.jpg\"><img loading=\"lazy\" decoding=\"async\" class=\"aligncenter size-medium wp-image-89508\" src=\"https:\/\/www.sudoestehoje.com.br\/novoportal\/wp-content\/uploads\/2020\/09\/541-COVID-ITORORO-500x500.jpg\" alt=\"\" width=\"500\" height=\"500\" srcset=\"https:\/\/www.sudoestehoje.com.br\/novoportal\/wp-content\/uploads\/2020\/09\/541-COVID-ITORORO-500x500.jpg 500w, https:\/\/www.sudoestehoje.com.br\/novoportal\/wp-content\/uploads\/2020\/09\/541-COVID-ITORORO-700x700.jpg 700w, https:\/\/www.sudoestehoje.com.br\/novoportal\/wp-content\/uploads\/2020\/09\/541-COVID-ITORORO-150x150.jpg 150w, https:\/\/www.sudoestehoje.com.br\/novoportal\/wp-content\/uploads\/2020\/09\/541-COVID-ITORORO-768x768.jpg 768w, https:\/\/www.sudoestehoje.com.br\/novoportal\/wp-content\/uploads\/2020\/09\/541-COVID-ITORORO.jpg 960w\" sizes=\"auto, (max-width: 500px) 100vw, 500px\" \/><\/a><\/p>\n<p>Nesta quarta-feira (2), o munic\u00edpio de Itoror\u00f3 registrou seis novos casos da Covid-19, chegando a 521 infectados pelo novo v\u00edrus, desde o in\u00edcio da pandemia.<\/p>\n<p>O n\u00famero de curados \u00e9 de 425, o que representa 78,55% dos casos confirmados no munic\u00edpio. At\u00e9 esta quarta-feira Itoror\u00f3 j\u00e1 computou 11 \u00f3bitos causados pelo novo v\u00edrus.<\/p>\n<p><strong><em>Reda\u00e7\u00e3o SH<\/em><\/strong><\/p>\n","protected":false},"excerpt":{"rendered":"<p>Nesta quarta-feira (2), o munic\u00edpio de Itoror\u00f3 registrou seis novos casos da Covid-19, chegando a 521 infectados pelo novo v\u00edrus, desde o in\u00edcio da pandemia. O n\u00famero de curados \u00e9 de 425, o que representa 78,55% dos casos confirmados no munic\u00edpio. At\u00e9 esta quarta-feira Itoror\u00f3 j\u00e1 computou 11 \u00f3bitos causados pelo novo v\u00edrus. Reda\u00e7\u00e3o SH<\/p>\n","protected":false},"author":2,"featured_media":89508,"comment_status":"open","ping_status":"open","sticky":false,"template":"","format":"standard","meta":{"footnotes":"","_links_to":"","_links_to_target":""},"categories":[1],"tags":[],"class_list":["post-89506","post","type-post","status-publish","format-standard","has-post-thumbnail","hentry","category-geral"],"views":732,"_links":{"self":[{"href":"https:\/\/www.sudoestehoje.com.br\/novoportal\/wp-json\/wp\/v2\/posts\/89506","targetHints":{"allow":["GET"]}}],"collection":[{"href":"https:\/\/www.sudoestehoje.com.br\/novoportal\/wp-json\/wp\/v2\/posts"}],"about":[{"href":"https:\/\/www.sudoestehoje.com.br\/novoportal\/wp-json\/wp\/v2\/types\/post"}],"author":[{"embeddable":true,"href":"https:\/\/www.sudoestehoje.com.br\/novoportal\/wp-json\/wp\/v2\/users\/2"}],"replies":[{"embeddable":true,"href":"https:\/\/www.sudoestehoje.com.br\/novoportal\/wp-json\/wp\/v2\/comments?post=89506"}],"version-history":[{"count":3,"href":"https:\/\/www.sudoestehoje.com.br\/novoportal\/wp-json\/wp\/v2\/posts\/89506\/revisions"}],"predecessor-version":[{"id":89510,"href":"https:\/\/www.sudoestehoje.com.br\/novoportal\/wp-json\/wp\/v2\/posts\/89506\/revisions\/89510"}],"wp:featuredmedia":[{"embeddable":true,"href":"https:\/\/www.sudoestehoje.com.br\/novoportal\/wp-json\/wp\/v2\/media\/89508"}],"wp:attachment":[{"href":"https:\/\/www.sudoestehoje.com.br\/novoportal\/wp-json\/wp\/v2\/media?parent=89506"}],"wp:term":[{"taxonomy":"category","embeddable":true,"href":"https:\/\/www.sudoestehoje.com.br\/novoportal\/wp-json\/wp\/v2\/categories?post=89506"},{"taxonomy":"post_tag","embeddable":true,"href":"https:\/\/www.sudoestehoje.com.br\/novoportal\/wp-json\/wp\/v2\/tags?post=89506"}],"curies":[{"name":"wp","href":"https:\/\/api.w.org\/{rel}","templated":true}]}}