
{"id":89491,"date":"2020-09-02T11:12:31","date_gmt":"2020-09-02T14:12:31","guid":{"rendered":"https:\/\/www.sudoestehoje.com.br\/novoportal\/?p=89491"},"modified":"2020-09-02T11:19:02","modified_gmt":"2020-09-02T14:19:02","slug":"rui-costa-libera-shows-e-cultos-para-todo-o-estado-mas-decisao-final-cabe-aos-prefeitos","status":"publish","type":"post","link":"https:\/\/www.sudoestehoje.com.br\/novoportal\/2020\/09\/02\/rui-costa-libera-shows-e-cultos-para-todo-o-estado-mas-decisao-final-cabe-aos-prefeitos\/","title":{"rendered":"RUI COSTA LIBERA SHOWS E CULTOS PARA TODO O ESTADO E EMPURRA DECIS\u00c3O PARA OS PREFEITOS"},"content":{"rendered":"<p><a href=\"https:\/\/www.sudoestehoje.com.br\/novoportal\/wp-content\/uploads\/2020\/09\/show-1.jpg\"><img loading=\"lazy\" decoding=\"async\" class=\"aligncenter size-medium wp-image-89494\" src=\"https:\/\/www.sudoestehoje.com.br\/novoportal\/wp-content\/uploads\/2020\/09\/show-1-500x271.jpg\" alt=\"\" width=\"500\" height=\"271\" srcset=\"https:\/\/www.sudoestehoje.com.br\/novoportal\/wp-content\/uploads\/2020\/09\/show-1-500x271.jpg 500w, https:\/\/www.sudoestehoje.com.br\/novoportal\/wp-content\/uploads\/2020\/09\/show-1-700x379.jpg 700w, https:\/\/www.sudoestehoje.com.br\/novoportal\/wp-content\/uploads\/2020\/09\/show-1-768x416.jpg 768w, https:\/\/www.sudoestehoje.com.br\/novoportal\/wp-content\/uploads\/2020\/09\/show-1.jpg 1200w\" sizes=\"auto, (max-width: 500px) 100vw, 500px\" \/><\/a><\/p>\n<p>O governador Rui Costa assinou um decreto que amplia o limite do n\u00famero de pessoas permitidas em eventos em todo estado. O decreto publicado no Di\u00e1rio Oficial desta quarta-feira (2), atualiza a permiss\u00e3o para atividades que envolvem aglomera\u00e7\u00e3o de pessoas com a presen\u00e7a de at\u00e9 100 pessoas, desde que previamente autorizados.<\/p>\n<p>A medida assinada pela gest\u00e3o estadual, na pr\u00e1tica, amplia a permiss\u00e3o para realiza\u00e7\u00e3o de \u00a0<strong>eventos desportivos, cultos religiosos, shows, feiras, circos, eventos cient\u00edficos, passeatas aulas em academias de dan\u00e7a e gin\u00e1stica de 50 para 100 pessoas.<\/strong><\/p>\n<p>O governo n\u00e3o justificou previamente a medida ou anunciou com anteced\u00eancia as altera\u00e7\u00f5es. Em coletiva nesta manh\u00e3, o governador comentou que pretende ir progredindo nas libera\u00e7\u00f5es, de acordo com o recuo da doen\u00e7a. <em>&#8220;Estamos dando passo a passo, liberando atividades, para poder ir monitorando. Paulatinamente, e depois aumentando um pouco. Vamos avaliando. Fazendo isso progressivamente. Com o passar dos dias, vamos avaliando, subindo de acordo com a evolu\u00e7\u00e3o da doen\u00e7a. Os n\u00fameros de \u00f3bitos s\u00e3o descendentes&#8221;<\/em>, disse.<\/p>\n<p>Apesar da libera\u00e7\u00e3o, ainda cabe \u00e0s prefeituras, a decis\u00e3o final sobre a realiza\u00e7\u00e3o de eventos ou decretos que regulamentam atividades durante a pandemia. \/\/BN<\/p>\n","protected":false},"excerpt":{"rendered":"<p>O governador Rui Costa assinou um decreto que amplia o limite do n\u00famero de pessoas permitidas em eventos em todo estado. O decreto publicado no Di\u00e1rio Oficial desta quarta-feira (2), atualiza a permiss\u00e3o para atividades que envolvem aglomera\u00e7\u00e3o de pessoas com a presen\u00e7a de at\u00e9 100 pessoas, desde que previamente autorizados. A medida assinada pela [&hellip;]<\/p>\n","protected":false},"author":2,"featured_media":89494,"comment_status":"open","ping_status":"open","sticky":false,"template":"","format":"standard","meta":{"footnotes":"","_links_to":"","_links_to_target":""},"categories":[1],"tags":[],"class_list":["post-89491","post","type-post","status-publish","format-standard","has-post-thumbnail","hentry","category-geral"],"views":3227,"_links":{"self":[{"href":"https:\/\/www.sudoestehoje.com.br\/novoportal\/wp-json\/wp\/v2\/posts\/89491","targetHints":{"allow":["GET"]}}],"collection":[{"href":"https:\/\/www.sudoestehoje.com.br\/novoportal\/wp-json\/wp\/v2\/posts"}],"about":[{"href":"https:\/\/www.sudoestehoje.com.br\/novoportal\/wp-json\/wp\/v2\/types\/post"}],"author":[{"embeddable":true,"href":"https:\/\/www.sudoestehoje.com.br\/novoportal\/wp-json\/wp\/v2\/users\/2"}],"replies":[{"embeddable":true,"href":"https:\/\/www.sudoestehoje.com.br\/novoportal\/wp-json\/wp\/v2\/comments?post=89491"}],"version-history":[{"count":4,"href":"https:\/\/www.sudoestehoje.com.br\/novoportal\/wp-json\/wp\/v2\/posts\/89491\/revisions"}],"predecessor-version":[{"id":89497,"href":"https:\/\/www.sudoestehoje.com.br\/novoportal\/wp-json\/wp\/v2\/posts\/89491\/revisions\/89497"}],"wp:featuredmedia":[{"embeddable":true,"href":"https:\/\/www.sudoestehoje.com.br\/novoportal\/wp-json\/wp\/v2\/media\/89494"}],"wp:attachment":[{"href":"https:\/\/www.sudoestehoje.com.br\/novoportal\/wp-json\/wp\/v2\/media?parent=89491"}],"wp:term":[{"taxonomy":"category","embeddable":true,"href":"https:\/\/www.sudoestehoje.com.br\/novoportal\/wp-json\/wp\/v2\/categories?post=89491"},{"taxonomy":"post_tag","embeddable":true,"href":"https:\/\/www.sudoestehoje.com.br\/novoportal\/wp-json\/wp\/v2\/tags?post=89491"}],"curies":[{"name":"wp","href":"https:\/\/api.w.org\/{rel}","templated":true}]}}