
{"id":89486,"date":"2020-09-01T22:24:08","date_gmt":"2020-09-02T01:24:08","guid":{"rendered":"https:\/\/www.sudoestehoje.com.br\/novoportal\/?p=89486"},"modified":"2020-09-01T22:24:08","modified_gmt":"2020-09-02T01:24:08","slug":"vergonha-tse-libera-candidatos-ficha-suja-para-eleicoes-de-novembro","status":"publish","type":"post","link":"https:\/\/www.sudoestehoje.com.br\/novoportal\/2020\/09\/01\/vergonha-tse-libera-candidatos-ficha-suja-para-eleicoes-de-novembro\/","title":{"rendered":"VERGONHA: TSE LIBERA CANDIDATOS &#8216;FICHA SUJA&#8217; PARA ELEI\u00c7\u00d5ES DE NOVEMBRO"},"content":{"rendered":"<p><a href=\"https:\/\/www.sudoestehoje.com.br\/novoportal\/wp-content\/uploads\/2020\/09\/ficha-suja.jpg\"><img loading=\"lazy\" decoding=\"async\" class=\"aligncenter size-medium wp-image-89488\" src=\"https:\/\/www.sudoestehoje.com.br\/novoportal\/wp-content\/uploads\/2020\/09\/ficha-suja-500x282.jpg\" alt=\"\" width=\"500\" height=\"282\" srcset=\"https:\/\/www.sudoestehoje.com.br\/novoportal\/wp-content\/uploads\/2020\/09\/ficha-suja-500x282.jpg 500w, https:\/\/www.sudoestehoje.com.br\/novoportal\/wp-content\/uploads\/2020\/09\/ficha-suja.jpg 570w\" sizes=\"auto, (max-width: 500px) 100vw, 500px\" \/><\/a><\/p>\n<p>O Tribunal Superior Eleitoral (TSE) decidiu nesta ter\u00e7a-feira (1\u00ba) que a mudan\u00e7a de data das elei\u00e7\u00f5es devido \u00e0 pandemia de covid-19 beneficia candidatos que estariam impedidos de disputar o pleito com base na Lei da Ficha Limpa.<\/p>\n<p>Por maioria, apesar da legisla\u00e7\u00e3o em vigor, os ministros voltaram a legislar e decidiram com base em um princ\u00edpio n\u00e3o escrito: que os candidatos n\u00e3o est\u00e3o mais ineleg\u00edveis com a altera\u00e7\u00e3o.<\/p>\n<p>O caso foi decidido por meio de uma consulta feita pelo deputado C\u00e9lio Studart (PV-CE), questionando se um candidato cuja inelegibilidade vencia em outubro, quando se realizaria a elei\u00e7\u00e3o, pode ser considerado eleg\u00edvel para disputar o pleito em 15 novembro, nova data da elei\u00e7\u00e3o estabelecida pelo Congresso.<\/p>\n<p>O parlamentar argumentou que, na nova data, j\u00e1 estaria vencido o prazo de oito anos de inelegibilidade para os condenados por abuso de poder pol\u00edtico e econ\u00f4mico nas elei\u00e7\u00f5es de 2012, por exemplo. Isso porque, nesses casos, conforme deliberado pela pr\u00f3pria Justi\u00e7a Eleitoral, a contagem teve como marco inicial o dia 7 de outubro, data do primeiro turno da elei\u00e7\u00e3o daquele ano.<\/p>\n<p>Devido \u00e0 pandemia da covid-19, o Congresso promulgou emenda constitucional que adiou o primeiro turno das elei\u00e7\u00f5es deste ano de 4 de outubro para 15 de novembro. O segundo turno, que seria em 25 de outubro, foi marcado para 29 de novembro.<\/p>\n","protected":false},"excerpt":{"rendered":"<p>O Tribunal Superior Eleitoral (TSE) decidiu nesta ter\u00e7a-feira (1\u00ba) que a mudan\u00e7a de data das elei\u00e7\u00f5es devido \u00e0 pandemia de covid-19 beneficia candidatos que estariam impedidos de disputar o pleito com base na Lei da Ficha Limpa. Por maioria, apesar da legisla\u00e7\u00e3o em vigor, os ministros voltaram a legislar e decidiram com base em um [&hellip;]<\/p>\n","protected":false},"author":2,"featured_media":89488,"comment_status":"open","ping_status":"open","sticky":false,"template":"","format":"standard","meta":{"footnotes":"","_links_to":"","_links_to_target":""},"categories":[1],"tags":[],"class_list":["post-89486","post","type-post","status-publish","format-standard","has-post-thumbnail","hentry","category-geral"],"views":1531,"_links":{"self":[{"href":"https:\/\/www.sudoestehoje.com.br\/novoportal\/wp-json\/wp\/v2\/posts\/89486","targetHints":{"allow":["GET"]}}],"collection":[{"href":"https:\/\/www.sudoestehoje.com.br\/novoportal\/wp-json\/wp\/v2\/posts"}],"about":[{"href":"https:\/\/www.sudoestehoje.com.br\/novoportal\/wp-json\/wp\/v2\/types\/post"}],"author":[{"embeddable":true,"href":"https:\/\/www.sudoestehoje.com.br\/novoportal\/wp-json\/wp\/v2\/users\/2"}],"replies":[{"embeddable":true,"href":"https:\/\/www.sudoestehoje.com.br\/novoportal\/wp-json\/wp\/v2\/comments?post=89486"}],"version-history":[{"count":3,"href":"https:\/\/www.sudoestehoje.com.br\/novoportal\/wp-json\/wp\/v2\/posts\/89486\/revisions"}],"predecessor-version":[{"id":89490,"href":"https:\/\/www.sudoestehoje.com.br\/novoportal\/wp-json\/wp\/v2\/posts\/89486\/revisions\/89490"}],"wp:featuredmedia":[{"embeddable":true,"href":"https:\/\/www.sudoestehoje.com.br\/novoportal\/wp-json\/wp\/v2\/media\/89488"}],"wp:attachment":[{"href":"https:\/\/www.sudoestehoje.com.br\/novoportal\/wp-json\/wp\/v2\/media?parent=89486"}],"wp:term":[{"taxonomy":"category","embeddable":true,"href":"https:\/\/www.sudoestehoje.com.br\/novoportal\/wp-json\/wp\/v2\/categories?post=89486"},{"taxonomy":"post_tag","embeddable":true,"href":"https:\/\/www.sudoestehoje.com.br\/novoportal\/wp-json\/wp\/v2\/tags?post=89486"}],"curies":[{"name":"wp","href":"https:\/\/api.w.org\/{rel}","templated":true}]}}