
{"id":89448,"date":"2020-08-30T21:25:46","date_gmt":"2020-08-31T00:25:46","guid":{"rendered":"https:\/\/www.sudoestehoje.com.br\/novoportal\/?p=89448"},"modified":"2020-08-30T21:25:46","modified_gmt":"2020-08-31T00:25:46","slug":"itororo-paulo-rene-e-anunciado-como-vice-na-chapa-do-pre-candidato-jonatas","status":"publish","type":"post","link":"https:\/\/www.sudoestehoje.com.br\/novoportal\/2020\/08\/30\/itororo-paulo-rene-e-anunciado-como-vice-na-chapa-do-pre-candidato-jonatas\/","title":{"rendered":"ITOROR\u00d3: PAULO REN\u00ca \u00c9 ANUNCIADO COMO VICE NA CHAPA DO PR\u00c9-CANDIDATO J\u00d4NATAS"},"content":{"rendered":"<p><a href=\"https:\/\/www.sudoestehoje.com.br\/novoportal\/wp-content\/uploads\/2020\/08\/Jonatas-e-Paulo-Ren\u00ea.jpeg\"><img loading=\"lazy\" decoding=\"async\" class=\"aligncenter size-medium wp-image-89449\" src=\"https:\/\/www.sudoestehoje.com.br\/novoportal\/wp-content\/uploads\/2020\/08\/Jonatas-e-Paulo-Ren\u00ea-500x337.jpeg\" alt=\"\" width=\"500\" height=\"337\" srcset=\"https:\/\/www.sudoestehoje.com.br\/novoportal\/wp-content\/uploads\/2020\/08\/Jonatas-e-Paulo-Ren\u00ea-500x337.jpeg 500w, https:\/\/www.sudoestehoje.com.br\/novoportal\/wp-content\/uploads\/2020\/08\/Jonatas-e-Paulo-Ren\u00ea-700x472.jpeg 700w, https:\/\/www.sudoestehoje.com.br\/novoportal\/wp-content\/uploads\/2020\/08\/Jonatas-e-Paulo-Ren\u00ea.jpeg 720w\" sizes=\"auto, (max-width: 500px) 100vw, 500px\" \/><\/a><\/p>\n<p>Numa reuni\u00e3o que aconteceu por volta das 14 horas deste domingo (30), o pr\u00e9-candidato J\u00f4natas (DEM) anunciou o empres\u00e1rio e amigo Paulo Ren\u00ea para ser seu vice na chapa que disputar\u00e1 as elei\u00e7\u00f5es pela prefeitura de Itoror\u00f3.<\/p>\n<p>Paulo Ren\u00ea \u00e9 um empres\u00e1rio de sucesso e pecuarista com grande prest\u00edgio e tr\u00e2nsito junto aos produtores rurais e toda a popula\u00e7\u00e3o. \u00c9 filho de Itoror\u00f3 e de fam\u00edlia tradicional do munic\u00edpio, o que deve fazer a diferen\u00e7a e alavancar ainda mais a candidatura de J\u00f4natas, um nome leve e de excelente reputa\u00e7\u00e3o.<\/p>\n<p>Sua chegada para compor a chapa majorit\u00e1ria com J\u00f4natas fortalece e impulsiona a campanha na dire\u00e7\u00e3o de uma poss\u00edvel vit\u00f3ria, desbancando o candidato do prefeito Adauto, que abriu m\u00e3o da disputa em favor do seu vice.<\/p>\n<p>O quadro sucess\u00f3rio ainda est\u00e1 indefinido e pode sofrer mudan\u00e7as de \u00faltima hora que tendem a favorecer o candidato do Democratas.<\/p>\n<p><strong><em>Reda\u00e7\u00e3o SH<\/em><\/strong><\/p>\n","protected":false},"excerpt":{"rendered":"<p>Numa reuni\u00e3o que aconteceu por volta das 14 horas deste domingo (30), o pr\u00e9-candidato J\u00f4natas (DEM) anunciou o empres\u00e1rio e amigo Paulo Ren\u00ea para ser seu vice na chapa que disputar\u00e1 as elei\u00e7\u00f5es pela prefeitura de Itoror\u00f3. Paulo Ren\u00ea \u00e9 um empres\u00e1rio de sucesso e pecuarista com grande prest\u00edgio e tr\u00e2nsito junto aos produtores rurais [&hellip;]<\/p>\n","protected":false},"author":2,"featured_media":89449,"comment_status":"open","ping_status":"open","sticky":false,"template":"","format":"standard","meta":{"footnotes":"","_links_to":"","_links_to_target":""},"categories":[1],"tags":[],"class_list":["post-89448","post","type-post","status-publish","format-standard","has-post-thumbnail","hentry","category-geral"],"views":1486,"_links":{"self":[{"href":"https:\/\/www.sudoestehoje.com.br\/novoportal\/wp-json\/wp\/v2\/posts\/89448","targetHints":{"allow":["GET"]}}],"collection":[{"href":"https:\/\/www.sudoestehoje.com.br\/novoportal\/wp-json\/wp\/v2\/posts"}],"about":[{"href":"https:\/\/www.sudoestehoje.com.br\/novoportal\/wp-json\/wp\/v2\/types\/post"}],"author":[{"embeddable":true,"href":"https:\/\/www.sudoestehoje.com.br\/novoportal\/wp-json\/wp\/v2\/users\/2"}],"replies":[{"embeddable":true,"href":"https:\/\/www.sudoestehoje.com.br\/novoportal\/wp-json\/wp\/v2\/comments?post=89448"}],"version-history":[{"count":2,"href":"https:\/\/www.sudoestehoje.com.br\/novoportal\/wp-json\/wp\/v2\/posts\/89448\/revisions"}],"predecessor-version":[{"id":89451,"href":"https:\/\/www.sudoestehoje.com.br\/novoportal\/wp-json\/wp\/v2\/posts\/89448\/revisions\/89451"}],"wp:featuredmedia":[{"embeddable":true,"href":"https:\/\/www.sudoestehoje.com.br\/novoportal\/wp-json\/wp\/v2\/media\/89449"}],"wp:attachment":[{"href":"https:\/\/www.sudoestehoje.com.br\/novoportal\/wp-json\/wp\/v2\/media?parent=89448"}],"wp:term":[{"taxonomy":"category","embeddable":true,"href":"https:\/\/www.sudoestehoje.com.br\/novoportal\/wp-json\/wp\/v2\/categories?post=89448"},{"taxonomy":"post_tag","embeddable":true,"href":"https:\/\/www.sudoestehoje.com.br\/novoportal\/wp-json\/wp\/v2\/tags?post=89448"}],"curies":[{"name":"wp","href":"https:\/\/api.w.org\/{rel}","templated":true}]}}