
{"id":89427,"date":"2020-08-29T14:50:05","date_gmt":"2020-08-29T17:50:05","guid":{"rendered":"https:\/\/www.sudoestehoje.com.br\/novoportal\/?p=89427"},"modified":"2020-08-29T14:50:05","modified_gmt":"2020-08-29T17:50:05","slug":"marcao-gabrielli-recebe-felicitacoes-de-amigos-e-apoiadores-no-seu-aniversario","status":"publish","type":"post","link":"https:\/\/www.sudoestehoje.com.br\/novoportal\/2020\/08\/29\/marcao-gabrielli-recebe-felicitacoes-de-amigos-e-apoiadores-no-seu-aniversario\/","title":{"rendered":"MARC\u00c3O GABRIELLI RECEBE FELICITA\u00c7\u00d5ES DE AMIGOS E APOIADORES NO SEU ANIVERSARIO"},"content":{"rendered":"<p><a href=\"https:\/\/www.sudoestehoje.com.br\/novoportal\/wp-content\/uploads\/2020\/08\/marcao.jpeg\"><img loading=\"lazy\" decoding=\"async\" class=\"aligncenter size-medium wp-image-89428\" src=\"https:\/\/www.sudoestehoje.com.br\/novoportal\/wp-content\/uploads\/2020\/08\/marcao-500x444.jpeg\" alt=\"\" width=\"500\" height=\"444\" srcset=\"https:\/\/www.sudoestehoje.com.br\/novoportal\/wp-content\/uploads\/2020\/08\/marcao-500x444.jpeg 500w, https:\/\/www.sudoestehoje.com.br\/novoportal\/wp-content\/uploads\/2020\/08\/marcao-700x622.jpeg 700w, https:\/\/www.sudoestehoje.com.br\/novoportal\/wp-content\/uploads\/2020\/08\/marcao-768x682.jpeg 768w, https:\/\/www.sudoestehoje.com.br\/novoportal\/wp-content\/uploads\/2020\/08\/marcao.jpeg 1280w\" sizes=\"auto, (max-width: 500px) 100vw, 500px\" \/><\/a><\/p>\n<p>O ex-vereador Marcos Gabrielli est\u00e1 comemorando hoje o seu anivers\u00e1rio, ao lado de familiares. Durante todo o dia Marc\u00e3o vem recebendo felicita\u00e7\u00f5es dos seus amigos e apoiadores de campanha, j\u00e1 que disputar\u00e1 uma das vagas na C\u00e2mara Municipal de Itapetinga, que j\u00e1 presidiu com muita compet\u00eancia.<\/p>\n<p>Um dos apoiadores de Marc\u00e3o \u00e9 o empres\u00e1rio Marco Correia, s\u00f3cio propriet\u00e1rio da VITA SA\u00daDE CARD.<\/p>\n<p>O<em> Sudoeste Hoje<\/em> congratula-se com o amigo nesta importante data, desejando sucesso na sua luta para retornar ao Legislativo Municipal.<\/p>\n<p><strong><em>Por Davi Ferraz\u00a0<\/em><\/strong><\/p>\n","protected":false},"excerpt":{"rendered":"<p>O ex-vereador Marcos Gabrielli est\u00e1 comemorando hoje o seu anivers\u00e1rio, ao lado de familiares. Durante todo o dia Marc\u00e3o vem recebendo felicita\u00e7\u00f5es dos seus amigos e apoiadores de campanha, j\u00e1 que disputar\u00e1 uma das vagas na C\u00e2mara Municipal de Itapetinga, que j\u00e1 presidiu com muita compet\u00eancia. Um dos apoiadores de Marc\u00e3o \u00e9 o empres\u00e1rio Marco [&hellip;]<\/p>\n","protected":false},"author":2,"featured_media":89428,"comment_status":"open","ping_status":"open","sticky":false,"template":"","format":"standard","meta":{"footnotes":"","_links_to":"","_links_to_target":""},"categories":[1],"tags":[],"class_list":["post-89427","post","type-post","status-publish","format-standard","has-post-thumbnail","hentry","category-geral"],"views":988,"_links":{"self":[{"href":"https:\/\/www.sudoestehoje.com.br\/novoportal\/wp-json\/wp\/v2\/posts\/89427","targetHints":{"allow":["GET"]}}],"collection":[{"href":"https:\/\/www.sudoestehoje.com.br\/novoportal\/wp-json\/wp\/v2\/posts"}],"about":[{"href":"https:\/\/www.sudoestehoje.com.br\/novoportal\/wp-json\/wp\/v2\/types\/post"}],"author":[{"embeddable":true,"href":"https:\/\/www.sudoestehoje.com.br\/novoportal\/wp-json\/wp\/v2\/users\/2"}],"replies":[{"embeddable":true,"href":"https:\/\/www.sudoestehoje.com.br\/novoportal\/wp-json\/wp\/v2\/comments?post=89427"}],"version-history":[{"count":2,"href":"https:\/\/www.sudoestehoje.com.br\/novoportal\/wp-json\/wp\/v2\/posts\/89427\/revisions"}],"predecessor-version":[{"id":89430,"href":"https:\/\/www.sudoestehoje.com.br\/novoportal\/wp-json\/wp\/v2\/posts\/89427\/revisions\/89430"}],"wp:featuredmedia":[{"embeddable":true,"href":"https:\/\/www.sudoestehoje.com.br\/novoportal\/wp-json\/wp\/v2\/media\/89428"}],"wp:attachment":[{"href":"https:\/\/www.sudoestehoje.com.br\/novoportal\/wp-json\/wp\/v2\/media?parent=89427"}],"wp:term":[{"taxonomy":"category","embeddable":true,"href":"https:\/\/www.sudoestehoje.com.br\/novoportal\/wp-json\/wp\/v2\/categories?post=89427"},{"taxonomy":"post_tag","embeddable":true,"href":"https:\/\/www.sudoestehoje.com.br\/novoportal\/wp-json\/wp\/v2\/tags?post=89427"}],"curies":[{"name":"wp","href":"https:\/\/api.w.org\/{rel}","templated":true}]}}