
{"id":8933,"date":"2011-09-22T21:39:17","date_gmt":"2011-09-23T00:39:17","guid":{"rendered":"http:\/\/www.sudoestehoje.com.br\/novoportal\/?p=8933"},"modified":"2011-09-22T21:39:17","modified_gmt":"2011-09-23T00:39:17","slug":"sudoeste-bancarios-entram-em-greve-a-partir-de-terca-feira","status":"publish","type":"post","link":"https:\/\/www.sudoestehoje.com.br\/novoportal\/2011\/09\/22\/sudoeste-bancarios-entram-em-greve-a-partir-de-terca-feira\/","title":{"rendered":"SUDOESTE: BANC\u00c1RIOS ENTRAM EM GREVE A PARTIR DE TER\u00c7A-FEIRA"},"content":{"rendered":"<p style=\"text-align: center;\"><img decoding=\"async\" class=\"aligncenter\" src=\"http:\/\/www.brumadonoticias.com.br\/v1\/wp-content\/uploads\/greve-sindicatobanc%C3%A1rios-conquistaeregi%C3%A3o.jpg\" alt=\"\" width=\"400\" \/><\/p>\n<p style=\"text-align: center;\"><em><strong>Paralisa\u00e7\u00e3o dos banc\u00e1rios come\u00e7a na pr\u00f3xima ter\u00e7a-feira (27) por tempo indeterminado <\/strong><\/em><em><strong>(Foto: Mariana Sousa)<\/strong><\/em><\/p>\n<p>Os banc\u00e1rios de Vit\u00f3ria da Conquista e Regi\u00e3o aprovaram, por unanimidade, a deflagra\u00e7\u00e3o de greve por tempo indeterminado a partir da pr\u00f3xima ter\u00e7a-feira (27). A decis\u00e3o foi tomada em uma assembleia bastante participativa realizada nessa quinta-feira (22). Os banc\u00e1rios rejeitaram a proposta da Federa\u00e7\u00e3o Nacional dos Bancos (Fenaban) que oferece apenas 7,8% de reajuste salarial para a categoria. Os banc\u00e1rios reivindicam 12,8% de aumento. A negocia\u00e7\u00e3o com os banqueiros foi iniciada em 12 de agosto e, na avalia\u00e7\u00e3o do movimento sindical, n\u00e3o houve qualquer avan\u00e7o. Na segunda-feira (26), \u00e0s 18h, o sindicato vai realizar outra assembleia para avaliar os rumos do movimento. <em>\u201cA Fenaban adotou uma postura de intransig\u00eancia e tratou com descaso as reivindica\u00e7\u00f5es dos trabalhadores. Foram quatro rodadas de negocia\u00e7\u00f5es e o desrespeito dos banqueiros ultrapassou os limites\u201d<\/em>, explica o presidente do Sindicato dos Banc\u00e1rios, Delson Co\u00ealho. Em Vit\u00f3ria da Conquista e regi\u00e3o s\u00e3o 930 banc\u00e1rios que estar\u00e3o paralisados na ter\u00e7a-feira (27). Ao todo, 64 ag\u00eancias distribu\u00eddas em 45 munic\u00edpios da regi\u00e3o sudoeste, inclusive em Itapetinga.<\/p>\n","protected":false},"excerpt":{"rendered":"<p>Paralisa\u00e7\u00e3o dos banc\u00e1rios come\u00e7a na pr\u00f3xima ter\u00e7a-feira (27) por tempo indeterminado (Foto: Mariana Sousa) Os banc\u00e1rios de Vit\u00f3ria da Conquista e Regi\u00e3o aprovaram, por unanimidade, a deflagra\u00e7\u00e3o de greve por tempo indeterminado a partir da pr\u00f3xima ter\u00e7a-feira (27). A decis\u00e3o foi tomada em uma assembleia bastante participativa realizada nessa quinta-feira (22). Os banc\u00e1rios rejeitaram a [&hellip;]<\/p>\n","protected":false},"author":2,"featured_media":0,"comment_status":"open","ping_status":"open","sticky":false,"template":"","format":"standard","meta":{"footnotes":"","_links_to":"","_links_to_target":""},"categories":[1],"tags":[],"class_list":["post-8933","post","type-post","status-publish","format-standard","hentry","category-geral"],"views":1231,"_links":{"self":[{"href":"https:\/\/www.sudoestehoje.com.br\/novoportal\/wp-json\/wp\/v2\/posts\/8933","targetHints":{"allow":["GET"]}}],"collection":[{"href":"https:\/\/www.sudoestehoje.com.br\/novoportal\/wp-json\/wp\/v2\/posts"}],"about":[{"href":"https:\/\/www.sudoestehoje.com.br\/novoportal\/wp-json\/wp\/v2\/types\/post"}],"author":[{"embeddable":true,"href":"https:\/\/www.sudoestehoje.com.br\/novoportal\/wp-json\/wp\/v2\/users\/2"}],"replies":[{"embeddable":true,"href":"https:\/\/www.sudoestehoje.com.br\/novoportal\/wp-json\/wp\/v2\/comments?post=8933"}],"version-history":[{"count":4,"href":"https:\/\/www.sudoestehoje.com.br\/novoportal\/wp-json\/wp\/v2\/posts\/8933\/revisions"}],"predecessor-version":[{"id":8937,"href":"https:\/\/www.sudoestehoje.com.br\/novoportal\/wp-json\/wp\/v2\/posts\/8933\/revisions\/8937"}],"wp:attachment":[{"href":"https:\/\/www.sudoestehoje.com.br\/novoportal\/wp-json\/wp\/v2\/media?parent=8933"}],"wp:term":[{"taxonomy":"category","embeddable":true,"href":"https:\/\/www.sudoestehoje.com.br\/novoportal\/wp-json\/wp\/v2\/categories?post=8933"},{"taxonomy":"post_tag","embeddable":true,"href":"https:\/\/www.sudoestehoje.com.br\/novoportal\/wp-json\/wp\/v2\/tags?post=8933"}],"curies":[{"name":"wp","href":"https:\/\/api.w.org\/{rel}","templated":true}]}}