
{"id":89287,"date":"2020-08-25T01:25:54","date_gmt":"2020-08-25T04:25:54","guid":{"rendered":"https:\/\/www.sudoestehoje.com.br\/novoportal\/?p=89287"},"modified":"2020-08-25T01:25:54","modified_gmt":"2020-08-25T04:25:54","slug":"rui-nao-descarta-envolvimento-de-agentes-publicos-na-fraude-dos-respiradores","status":"publish","type":"post","link":"https:\/\/www.sudoestehoje.com.br\/novoportal\/2020\/08\/25\/rui-nao-descarta-envolvimento-de-agentes-publicos-na-fraude-dos-respiradores\/","title":{"rendered":"RUI N\u00c3O DESCARTA ENVOLVIMENTO DE AGENTES P\u00daBLICOS NA FRAUDE DOS RESPIRADORES"},"content":{"rendered":"<p><a href=\"https:\/\/www.sudoestehoje.com.br\/novoportal\/wp-content\/uploads\/2020\/08\/ruicostasbt.jpg\"><img loading=\"lazy\" decoding=\"async\" class=\"aligncenter size-medium wp-image-89289\" src=\"https:\/\/www.sudoestehoje.com.br\/novoportal\/wp-content\/uploads\/2020\/08\/ruicostasbt-500x296.jpg\" alt=\"\" width=\"500\" height=\"296\" srcset=\"https:\/\/www.sudoestehoje.com.br\/novoportal\/wp-content\/uploads\/2020\/08\/ruicostasbt-500x296.jpg 500w, https:\/\/www.sudoestehoje.com.br\/novoportal\/wp-content\/uploads\/2020\/08\/ruicostasbt.jpg 676w\" sizes=\"auto, (max-width: 500px) 100vw, 500px\" \/><\/a><\/p>\n<p>O governador Rui Costa (PT) voltou a falar sobre a compra malsucedida de respiradores, feita pelo Governo da Bahia para o Cons\u00f3rcio do Nordeste, junto \u00e0 empresa Hempcare.<\/p>\n<p>A negocia\u00e7\u00e3o levou \u00e0 sa\u00edda de Bruno Dauster do cargo de secret\u00e1rio da Casa Civil do Governo. Dauster foi citado pelos empres\u00e1rios presos na Opera\u00e7\u00e3o Ragnarok, deflagrada pela Pol\u00edcia Civil do Estado para apurar a compra dos respiradores.<\/p>\n<p>\u201cN\u00f3s tivemos um secret\u00e1rio que, nessa semana em que as pessoas estavam presas, preferiu se afastar para fazer de forma mais enf\u00e1tica sua defesa\u201d, disse Rui, em entrevista ao programa Poder em Foco, sem citar que Dauster teve o nome mencionado em depoimentos.<\/p>\n<p>O governador n\u00e3o descartou que agentes p\u00fablicos tenham envolvimento no que ele chamou de \u201cgolpe\u201d dado no Cons\u00f3rcio do Nordeste.<\/p>\n<p>\u201cEu espero, acredito, que nenhum agente p\u00fablico do Cons\u00f3rcio ou do Governo tenha qualquer envolvimento nesse golpe que o Cons\u00f3rcio sofreu. Mas eu digo de forma muito firme: se algum agente p\u00fablico se envolveu, que pague pelo seu erro de forma clara\u201d.<\/p>\n<p>Por fim, Rui confessou que ele foi o respons\u00e1vel pela deflagra\u00e7\u00e3o da Opera\u00e7\u00e3o Ragnarok, feita pela Pol\u00edcia Civil. \u201cDeterminei a a\u00e7\u00e3o policial que prendeu os respons\u00e1veis\u201d, afirmou. <em>\/\/Pol\u00edtica ao Vivo<\/em><\/p>\n","protected":false},"excerpt":{"rendered":"<p>O governador Rui Costa (PT) voltou a falar sobre a compra malsucedida de respiradores, feita pelo Governo da Bahia para o Cons\u00f3rcio do Nordeste, junto \u00e0 empresa Hempcare. A negocia\u00e7\u00e3o levou \u00e0 sa\u00edda de Bruno Dauster do cargo de secret\u00e1rio da Casa Civil do Governo. Dauster foi citado pelos empres\u00e1rios presos na Opera\u00e7\u00e3o Ragnarok, deflagrada [&hellip;]<\/p>\n","protected":false},"author":2,"featured_media":89289,"comment_status":"open","ping_status":"open","sticky":false,"template":"","format":"standard","meta":{"footnotes":"","_links_to":"","_links_to_target":""},"categories":[1],"tags":[],"class_list":["post-89287","post","type-post","status-publish","format-standard","has-post-thumbnail","hentry","category-geral"],"views":1275,"_links":{"self":[{"href":"https:\/\/www.sudoestehoje.com.br\/novoportal\/wp-json\/wp\/v2\/posts\/89287","targetHints":{"allow":["GET"]}}],"collection":[{"href":"https:\/\/www.sudoestehoje.com.br\/novoportal\/wp-json\/wp\/v2\/posts"}],"about":[{"href":"https:\/\/www.sudoestehoje.com.br\/novoportal\/wp-json\/wp\/v2\/types\/post"}],"author":[{"embeddable":true,"href":"https:\/\/www.sudoestehoje.com.br\/novoportal\/wp-json\/wp\/v2\/users\/2"}],"replies":[{"embeddable":true,"href":"https:\/\/www.sudoestehoje.com.br\/novoportal\/wp-json\/wp\/v2\/comments?post=89287"}],"version-history":[{"count":2,"href":"https:\/\/www.sudoestehoje.com.br\/novoportal\/wp-json\/wp\/v2\/posts\/89287\/revisions"}],"predecessor-version":[{"id":89290,"href":"https:\/\/www.sudoestehoje.com.br\/novoportal\/wp-json\/wp\/v2\/posts\/89287\/revisions\/89290"}],"wp:featuredmedia":[{"embeddable":true,"href":"https:\/\/www.sudoestehoje.com.br\/novoportal\/wp-json\/wp\/v2\/media\/89289"}],"wp:attachment":[{"href":"https:\/\/www.sudoestehoje.com.br\/novoportal\/wp-json\/wp\/v2\/media?parent=89287"}],"wp:term":[{"taxonomy":"category","embeddable":true,"href":"https:\/\/www.sudoestehoje.com.br\/novoportal\/wp-json\/wp\/v2\/categories?post=89287"},{"taxonomy":"post_tag","embeddable":true,"href":"https:\/\/www.sudoestehoje.com.br\/novoportal\/wp-json\/wp\/v2\/tags?post=89287"}],"curies":[{"name":"wp","href":"https:\/\/api.w.org\/{rel}","templated":true}]}}