
{"id":8928,"date":"2011-09-22T21:06:25","date_gmt":"2011-09-23T00:06:25","guid":{"rendered":"http:\/\/www.sudoestehoje.com.br\/novoportal\/?p=8928"},"modified":"2011-09-22T21:06:25","modified_gmt":"2011-09-23T00:06:25","slug":"tiro-de-guerra-pode-sair-de-itapetinga","status":"publish","type":"post","link":"https:\/\/www.sudoestehoje.com.br\/novoportal\/2011\/09\/22\/tiro-de-guerra-pode-sair-de-itapetinga\/","title":{"rendered":"TIRO DE GUERRA PODE SAIR DE ITAPETINGA"},"content":{"rendered":"<p style=\"text-align: center;\"><img decoding=\"async\" class=\"aligncenter\" src=\"http:\/\/upload.wikimedia.org\/wikipedia\/commons\/thumb\/b\/bc\/Frente_do_TG_023.jpg\/250px-Frente_do_TG_023.jpg\" alt=\"\" width=\"400\" \/><\/p>\n<p style=\"text-align: center;\"><strong><em>Tiro de Guerra de Itapetinga (foto arquivo )<\/em><\/strong><\/p>\n<p>Itapetinga, como nunca antes em sua hist\u00f3ria, vive uma \u00e9poca de incertezas e descalabro administrativo. As coisas positivas custam em acontecer, e quando algo se realiza, fica sempre abaixo das expectativas. J\u00e1 virou rotina, no notici\u00e1rio local e regional, informa\u00e7\u00f5es dando conta do descaso das nossas autoridades em rela\u00e7\u00e3o \u00e0 coisa p\u00fablica e das in\u00fameras modalidades de esc\u00e2ndalos envolvendo pessoas ligadas \u00e0 administra\u00e7\u00e3o municipal. Nem \u00e9 preciso enumerar, pois todos sabem do que estamos falando.<\/p>\n<p>Mal a sociedade itapetinguense tomou conhecimento da suspens\u00e3o dos atendimentos de emerg\u00eancia e urg\u00eancia no HCR, chega-nos agora a informa\u00e7\u00e3o de que o Tiro de Guerra pode deixar a cidade, porque a prefeitura n\u00e3o est\u00e1 disponibilizando os recursos obrigat\u00f3rios para custear a sua manuten\u00e7\u00e3o. Vale observar que \u00e9 obriga\u00e7\u00e3o do munic\u00edpio prover o Tiro de Guerra desses recursos, por for\u00e7a de conv\u00eanio celebrado com o Minist\u00e9rio do Ex\u00e9rcito.<\/p>\n<p>A situa\u00e7\u00e3o chegou a este ponto, devido \u00e0 total falta de sensibilidade do prefeito (de fato), que n\u00e3o vem atendendo aos in\u00fameros pedidos do comando local, encaminhados atrav\u00e9s de diversos of\u00edcios, demonstrando \u00a0a precariedade dos servi\u00e7os e at\u00e9 das instala\u00e7\u00f5es do TG, que necessita de urgente reforma e conserva\u00e7\u00e3o. Fonte segura informa que a ordem do secret\u00e1rio da fazenda, entretanto, \u00e9 tratar o Tiro de Guerra a <em>p\u00e3o e \u00e1gua<\/em>, o que \u00e9 inadmiss\u00edvel.<\/p>\n<p>Segundo as mesmas fontes, o comando da 6\u00aa Regi\u00e3o Militar teria dado ao prefeito Z\u00e9 Carlos o prazo limite de at\u00e9 dezembro pr\u00f3ximo, para resolver as demandas do Tiro de Guerra de Itapetinga, naquilo que \u00e9 seu dever e obriga\u00e7\u00e3o, sob pena do seu fechamento, a partir desse prazo.<\/p>\n<p>Pelo que se v\u00ea, as coisas na prefeituras degringolaram de vez.<\/p>\n<p><strong><em>Por DAVI FERRAZ<\/em><\/strong><\/p>\n","protected":false},"excerpt":{"rendered":"<p>Tiro de Guerra de Itapetinga (foto arquivo ) Itapetinga, como nunca antes em sua hist\u00f3ria, vive uma \u00e9poca de incertezas e descalabro administrativo. As coisas positivas custam em acontecer, e quando algo se realiza, fica sempre abaixo das expectativas. J\u00e1 virou rotina, no notici\u00e1rio local e regional, informa\u00e7\u00f5es dando conta do descaso das nossas autoridades [&hellip;]<\/p>\n","protected":false},"author":2,"featured_media":0,"comment_status":"open","ping_status":"open","sticky":false,"template":"","format":"standard","meta":{"footnotes":"","_links_to":"","_links_to_target":""},"categories":[1],"tags":[],"class_list":["post-8928","post","type-post","status-publish","format-standard","hentry","category-geral"],"views":1677,"_links":{"self":[{"href":"https:\/\/www.sudoestehoje.com.br\/novoportal\/wp-json\/wp\/v2\/posts\/8928","targetHints":{"allow":["GET"]}}],"collection":[{"href":"https:\/\/www.sudoestehoje.com.br\/novoportal\/wp-json\/wp\/v2\/posts"}],"about":[{"href":"https:\/\/www.sudoestehoje.com.br\/novoportal\/wp-json\/wp\/v2\/types\/post"}],"author":[{"embeddable":true,"href":"https:\/\/www.sudoestehoje.com.br\/novoportal\/wp-json\/wp\/v2\/users\/2"}],"replies":[{"embeddable":true,"href":"https:\/\/www.sudoestehoje.com.br\/novoportal\/wp-json\/wp\/v2\/comments?post=8928"}],"version-history":[{"count":3,"href":"https:\/\/www.sudoestehoje.com.br\/novoportal\/wp-json\/wp\/v2\/posts\/8928\/revisions"}],"predecessor-version":[{"id":8931,"href":"https:\/\/www.sudoestehoje.com.br\/novoportal\/wp-json\/wp\/v2\/posts\/8928\/revisions\/8931"}],"wp:attachment":[{"href":"https:\/\/www.sudoestehoje.com.br\/novoportal\/wp-json\/wp\/v2\/media?parent=8928"}],"wp:term":[{"taxonomy":"category","embeddable":true,"href":"https:\/\/www.sudoestehoje.com.br\/novoportal\/wp-json\/wp\/v2\/categories?post=8928"},{"taxonomy":"post_tag","embeddable":true,"href":"https:\/\/www.sudoestehoje.com.br\/novoportal\/wp-json\/wp\/v2\/tags?post=8928"}],"curies":[{"name":"wp","href":"https:\/\/api.w.org\/{rel}","templated":true}]}}