
{"id":8924,"date":"2011-09-22T08:14:05","date_gmt":"2011-09-22T11:14:05","guid":{"rendered":"http:\/\/www.sudoestehoje.com.br\/novoportal\/?p=8924"},"modified":"2011-09-22T08:14:05","modified_gmt":"2011-09-22T11:14:05","slug":"brasil-conhecera-poroes-da-ditadura-militar","status":"publish","type":"post","link":"https:\/\/www.sudoestehoje.com.br\/novoportal\/2011\/09\/22\/brasil-conhecera-poroes-da-ditadura-militar\/","title":{"rendered":"BRASIL CONHECER\u00c1 POR\u00d5ES DA DITADURA MILITAR"},"content":{"rendered":"<p style=\"text-align: center;\"><img decoding=\"async\" class=\"aligncenter\" src=\"http:\/\/www.bahianoticias.com.br\/fotos\/principal_samuels\/2359\/IMAGEM_SAMUEL_5.jpg\" alt=\"Brasil conhecer\u00e1 os por\u00f5es da ditadura\" width=\"400\" \/><\/p>\n<p>O governo muito relutou (com medo de qu\u00ea?) para se decidir pela cria\u00e7\u00e3o da Comiss\u00e3o da Verdade de modo a esclarecer os graves crimes, as torturas e tudo o mais que aconteceu na \u00e9poca da ditadura militar. Lula tentou, mas recuou diante da resist\u00eancia dos militares.<\/p>\n<p>Senadores do atraso como Jos\u00e9 Sarney e Fernando Collor pregaram o sigilo eterno dos documentos, o primeiro alegando que a divulga\u00e7\u00e3o, a abertura da caixa preta para que os brasileiros conhe\u00e7am a hist\u00f3ria contempor\u00e2nea brasileira iria refletir na seguran\u00e7a do Estado. A cidadania bateu p\u00e9 firme e, tamb\u00e9m, boa parte dos deputados. Afinal, a ditadura desapareceu h\u00e1 27 anos.<\/p>\n<p>Na noite de ontem, depois de negocia\u00e7\u00e3o com as For\u00e7as Armadas, a C\u00e2mara dos Deputados aprovou a cria\u00e7\u00e3o da Comiss\u00e3o da Verdade\u00a0 que ir\u00e1 lan\u00e7ar luz sobre as graves viola\u00e7\u00f5es dos direitos humanos cometidos no regime de exce\u00e7\u00e3o. Dilma Rousseff, consultada em Nova York, deu sinal verde. O texto exclui grupo pessoas que &#8220;n\u00e3o tenham imparcialidade no exerc\u00edcio das compet\u00eancias na comiss\u00e3o&#8221;.<\/p>\n<p>A comiss\u00e3o tamb\u00e9m dever\u00e1 ser aprovada no Senado. O Brasil, logo, logo poder\u00e1 ter acesso aos acontecimentos da \u00e9poca de chumbo, do que aconteceu nos por\u00f5es da ditadura e resgatar uma parte importante da sua hist\u00f3ria recente, apesar dos Sarneys e dos Collors.<\/p>\n","protected":false},"excerpt":{"rendered":"<p>O governo muito relutou (com medo de qu\u00ea?) para se decidir pela cria\u00e7\u00e3o da Comiss\u00e3o da Verdade de modo a esclarecer os graves crimes, as torturas e tudo o mais que aconteceu na \u00e9poca da ditadura militar. Lula tentou, mas recuou diante da resist\u00eancia dos militares. Senadores do atraso como Jos\u00e9 Sarney e Fernando Collor [&hellip;]<\/p>\n","protected":false},"author":2,"featured_media":0,"comment_status":"open","ping_status":"open","sticky":false,"template":"","format":"standard","meta":{"footnotes":"","_links_to":"","_links_to_target":""},"categories":[1],"tags":[],"class_list":["post-8924","post","type-post","status-publish","format-standard","hentry","category-geral"],"views":3820,"_links":{"self":[{"href":"https:\/\/www.sudoestehoje.com.br\/novoportal\/wp-json\/wp\/v2\/posts\/8924","targetHints":{"allow":["GET"]}}],"collection":[{"href":"https:\/\/www.sudoestehoje.com.br\/novoportal\/wp-json\/wp\/v2\/posts"}],"about":[{"href":"https:\/\/www.sudoestehoje.com.br\/novoportal\/wp-json\/wp\/v2\/types\/post"}],"author":[{"embeddable":true,"href":"https:\/\/www.sudoestehoje.com.br\/novoportal\/wp-json\/wp\/v2\/users\/2"}],"replies":[{"embeddable":true,"href":"https:\/\/www.sudoestehoje.com.br\/novoportal\/wp-json\/wp\/v2\/comments?post=8924"}],"version-history":[{"count":3,"href":"https:\/\/www.sudoestehoje.com.br\/novoportal\/wp-json\/wp\/v2\/posts\/8924\/revisions"}],"predecessor-version":[{"id":8927,"href":"https:\/\/www.sudoestehoje.com.br\/novoportal\/wp-json\/wp\/v2\/posts\/8924\/revisions\/8927"}],"wp:attachment":[{"href":"https:\/\/www.sudoestehoje.com.br\/novoportal\/wp-json\/wp\/v2\/media?parent=8924"}],"wp:term":[{"taxonomy":"category","embeddable":true,"href":"https:\/\/www.sudoestehoje.com.br\/novoportal\/wp-json\/wp\/v2\/categories?post=8924"},{"taxonomy":"post_tag","embeddable":true,"href":"https:\/\/www.sudoestehoje.com.br\/novoportal\/wp-json\/wp\/v2\/tags?post=8924"}],"curies":[{"name":"wp","href":"https:\/\/api.w.org\/{rel}","templated":true}]}}