
{"id":89231,"date":"2020-08-22T23:56:46","date_gmt":"2020-08-23T02:56:46","guid":{"rendered":"https:\/\/www.sudoestehoje.com.br\/novoportal\/?p=89231"},"modified":"2020-08-23T00:10:56","modified_gmt":"2020-08-23T03:10:56","slug":"bahia-registra-4-461-novos-casos-de-covid-19-nas-ultimas-24-horas","status":"publish","type":"post","link":"https:\/\/www.sudoestehoje.com.br\/novoportal\/2020\/08\/22\/bahia-registra-4-461-novos-casos-de-covid-19-nas-ultimas-24-horas\/","title":{"rendered":"BAHIA REGISTRA 4.461 NOVOS CASOS DE COVID-19 NAS \u00daLTIMAS 24 HORAS"},"content":{"rendered":"<div class=\"medium-8 columns\">\n<div class=\"post-singular\">\n<div class=\"post\" data-equalizer-watch=\"post\">\n<div class=\"texto-post\">\n<p><a href=\"https:\/\/www.sudoestehoje.com.br\/novoportal\/wp-content\/uploads\/2020\/08\/covid-bahia.jpg\"><img loading=\"lazy\" decoding=\"async\" class=\"aligncenter size-medium wp-image-89233\" src=\"https:\/\/www.sudoestehoje.com.br\/novoportal\/wp-content\/uploads\/2020\/08\/covid-bahia-500x265.jpg\" alt=\"\" width=\"500\" height=\"265\" srcset=\"https:\/\/www.sudoestehoje.com.br\/novoportal\/wp-content\/uploads\/2020\/08\/covid-bahia-500x265.jpg 500w, https:\/\/www.sudoestehoje.com.br\/novoportal\/wp-content\/uploads\/2020\/08\/covid-bahia-700x371.jpg 700w, https:\/\/www.sudoestehoje.com.br\/novoportal\/wp-content\/uploads\/2020\/08\/covid-bahia-768x407.jpg 768w, https:\/\/www.sudoestehoje.com.br\/novoportal\/wp-content\/uploads\/2020\/08\/covid-bahia.jpg 1000w\" sizes=\"auto, (max-width: 500px) 100vw, 500px\" \/><\/a><\/p>\n<p>Na Bahia, nas \u00faltimas 24 horas, foram registrados 4.461 casos de Covid-19 (taxa de crescimento de +1,9%) e 3.024 curados (+1,4%). Dos 234.204 casos confirmados desde o in\u00edcio da pandemia, 214.261 j\u00e1 s\u00e3o considerados curados e 15.111 encontram-se ativos.<\/p>\n<p>Para fins estat\u00edsticos, a vigil\u00e2ncia epidemiol\u00f3gica estadual considera um paciente recuperado ap\u00f3s 14 dias do in\u00edcio dos sintomas da Covid-19. J\u00e1 os casos ativos s\u00e3o resultado do seguinte c\u00e1lculo: n\u00famero de casos totais, menos os \u00f3bitos, menos os recuperados. Os c\u00e1lculos s\u00e3o realizados de modo autom\u00e1tico.<\/p>\n<p>Os casos confirmados ocorreram em 413 munic\u00edpios baianos, com maior propor\u00e7\u00e3o em Salvador (31,49%). Os munic\u00edpios com os maiores coeficientes de incid\u00eancia por 100.000 habitantes foram: Almadina (4.941,43), D\u00e1rio Meira (4.547,15), Salinas da Margarida (4.257,36), Itap\u00e9 (4.189,02) e Ibirataia (4.120,95).<\/p>\n<p>O boletim epidemiol\u00f3gico contabiliza ainda 435.141 casos descartados e 86.637 em investiga\u00e7\u00e3o. Estes dados representam notifica\u00e7\u00f5es oficiais compiladas pelo Centro de Informa\u00e7\u00f5es Estrat\u00e9gicas em Vigil\u00e2ncia em Sa\u00fade da Bahia (Cievs-BA), em conjunto com os Cievs municipais e as bases de dados do Minist\u00e9rio da Sa\u00fade at\u00e9 as 17 horas deste s\u00e1bado (22).<\/p>\n<p>Na Bahia, 18.809 profissionais da sa\u00fade foram confirmados para Covid-19.<\/p>\n<p><strong>\u00d3bitos<\/strong><\/p>\n<p>O boletim epidemiol\u00f3gico de hoje contabiliza 75 \u00f3bitos que ocorreram em diversas datas. A exist\u00eancia de registros tardios e\/ou ac\u00famulo de casos deve-se a sobrecarga das equipes de investiga\u00e7\u00e3o, pois h\u00e1 doen\u00e7as de notifica\u00e7\u00e3o compuls\u00f3ria para al\u00e9m da Covid-19. Outro motivo \u00e9 o aprofundamento das investiga\u00e7\u00f5es epidemiol\u00f3gicas por parte das vigil\u00e2ncias municipais e estadual a fim de evitar distor\u00e7\u00f5es ou equ\u00edvocos, como desconsiderar a causa do \u00f3bito um traumatismo craniano ou um c\u00e2ncer em est\u00e1gio terminal, ainda que a pessoa esteja infectada pelo coronav\u00edrus.<\/p>\n<\/div>\n<\/div>\n<\/div>\n<\/div>\n","protected":false},"excerpt":{"rendered":"<p>Na Bahia, nas \u00faltimas 24 horas, foram registrados 4.461 casos de Covid-19 (taxa de crescimento de +1,9%) e 3.024 curados (+1,4%). Dos 234.204 casos confirmados desde o in\u00edcio da pandemia, 214.261 j\u00e1 s\u00e3o considerados curados e 15.111 encontram-se ativos. Para fins estat\u00edsticos, a vigil\u00e2ncia epidemiol\u00f3gica estadual considera um paciente recuperado ap\u00f3s 14 dias do in\u00edcio [&hellip;]<\/p>\n","protected":false},"author":2,"featured_media":89233,"comment_status":"open","ping_status":"open","sticky":false,"template":"","format":"standard","meta":{"footnotes":"","_links_to":"","_links_to_target":""},"categories":[1],"tags":[],"class_list":["post-89231","post","type-post","status-publish","format-standard","has-post-thumbnail","hentry","category-geral"],"views":1015,"_links":{"self":[{"href":"https:\/\/www.sudoestehoje.com.br\/novoportal\/wp-json\/wp\/v2\/posts\/89231","targetHints":{"allow":["GET"]}}],"collection":[{"href":"https:\/\/www.sudoestehoje.com.br\/novoportal\/wp-json\/wp\/v2\/posts"}],"about":[{"href":"https:\/\/www.sudoestehoje.com.br\/novoportal\/wp-json\/wp\/v2\/types\/post"}],"author":[{"embeddable":true,"href":"https:\/\/www.sudoestehoje.com.br\/novoportal\/wp-json\/wp\/v2\/users\/2"}],"replies":[{"embeddable":true,"href":"https:\/\/www.sudoestehoje.com.br\/novoportal\/wp-json\/wp\/v2\/comments?post=89231"}],"version-history":[{"count":3,"href":"https:\/\/www.sudoestehoje.com.br\/novoportal\/wp-json\/wp\/v2\/posts\/89231\/revisions"}],"predecessor-version":[{"id":89241,"href":"https:\/\/www.sudoestehoje.com.br\/novoportal\/wp-json\/wp\/v2\/posts\/89231\/revisions\/89241"}],"wp:featuredmedia":[{"embeddable":true,"href":"https:\/\/www.sudoestehoje.com.br\/novoportal\/wp-json\/wp\/v2\/media\/89233"}],"wp:attachment":[{"href":"https:\/\/www.sudoestehoje.com.br\/novoportal\/wp-json\/wp\/v2\/media?parent=89231"}],"wp:term":[{"taxonomy":"category","embeddable":true,"href":"https:\/\/www.sudoestehoje.com.br\/novoportal\/wp-json\/wp\/v2\/categories?post=89231"},{"taxonomy":"post_tag","embeddable":true,"href":"https:\/\/www.sudoestehoje.com.br\/novoportal\/wp-json\/wp\/v2\/tags?post=89231"}],"curies":[{"name":"wp","href":"https:\/\/api.w.org\/{rel}","templated":true}]}}