
{"id":89227,"date":"2020-08-22T23:52:55","date_gmt":"2020-08-23T02:52:55","guid":{"rendered":"https:\/\/www.sudoestehoje.com.br\/novoportal\/?p=89227"},"modified":"2020-08-22T23:52:55","modified_gmt":"2020-08-23T02:52:55","slug":"auxilio-de-r-600-e-muito-pesado-para-se-tornar-permanente-diz-maia","status":"publish","type":"post","link":"https:\/\/www.sudoestehoje.com.br\/novoportal\/2020\/08\/22\/auxilio-de-r-600-e-muito-pesado-para-se-tornar-permanente-diz-maia\/","title":{"rendered":"AUX\u00cdLIO DE R$ 600 \u00c9 MUITO PESADO PARA SE TORNAR PERMANENTE, DIZ MAIA"},"content":{"rendered":"<p><a href=\"https:\/\/www.sudoestehoje.com.br\/novoportal\/wp-content\/uploads\/2020\/08\/MAIA.jpg\"><img loading=\"lazy\" decoding=\"async\" class=\"aligncenter size-medium wp-image-89228\" src=\"https:\/\/www.sudoestehoje.com.br\/novoportal\/wp-content\/uploads\/2020\/08\/MAIA-500x350.jpg\" alt=\"\" width=\"500\" height=\"350\" srcset=\"https:\/\/www.sudoestehoje.com.br\/novoportal\/wp-content\/uploads\/2020\/08\/MAIA-500x350.jpg 500w, https:\/\/www.sudoestehoje.com.br\/novoportal\/wp-content\/uploads\/2020\/08\/MAIA.jpg 600w\" sizes=\"auto, (max-width: 500px) 100vw, 500px\" \/><\/a><\/p>\n<p>O presidente da C\u00e2mara, Rodrigo Maia (DEM-RJ), afirmou que o valor de\u00a0R$ 600 do aux\u00edlio emergencial pago pelo governo \u00e9 pesado para se tornar permanente.<\/p>\n<p>Em entrevista \u00e0 CNN na sexta (21), Maia defendeu que o Executivo apresente uma proposta para debater valores e a base de benefici\u00e1rios que ser\u00e3o atendidos com os parlamentares.<\/p>\n<p>\u201cAcho que o governo deve trazer uma proposta. Se vai continuar atendendo aos mais de 50 milh\u00f5es de brasileiros. Se vai fazer uma pol\u00edtica mais focalizada, qual o valor\u201d, disse o deputado.<\/p>\n<p>\u201cBaseado nesta proposta, que a gente trabalhe dentro dessa realidade, do nosso or\u00e7amento prim\u00e1rio, olhando o pr\u00f3ximo ano, para que, passados esses primeiros meses que foram mais dif\u00edceis, possa continuar atingindo os mais vulner\u00e1veis\u201d, afirmou.<\/p>\n<p>O presidente da C\u00e2mara tamb\u00e9m defendeu que o governo elabore pol\u00edticas sociais al\u00e9m de programas de transfer\u00eancia de rendas, a exemplo de um programa habitacional.<\/p>\n","protected":false},"excerpt":{"rendered":"<p>O presidente da C\u00e2mara, Rodrigo Maia (DEM-RJ), afirmou que o valor de\u00a0R$ 600 do aux\u00edlio emergencial pago pelo governo \u00e9 pesado para se tornar permanente. Em entrevista \u00e0 CNN na sexta (21), Maia defendeu que o Executivo apresente uma proposta para debater valores e a base de benefici\u00e1rios que ser\u00e3o atendidos com os parlamentares. \u201cAcho [&hellip;]<\/p>\n","protected":false},"author":2,"featured_media":89228,"comment_status":"open","ping_status":"open","sticky":false,"template":"","format":"standard","meta":{"footnotes":"","_links_to":"","_links_to_target":""},"categories":[1],"tags":[],"class_list":["post-89227","post","type-post","status-publish","format-standard","has-post-thumbnail","hentry","category-geral"],"views":1018,"_links":{"self":[{"href":"https:\/\/www.sudoestehoje.com.br\/novoportal\/wp-json\/wp\/v2\/posts\/89227","targetHints":{"allow":["GET"]}}],"collection":[{"href":"https:\/\/www.sudoestehoje.com.br\/novoportal\/wp-json\/wp\/v2\/posts"}],"about":[{"href":"https:\/\/www.sudoestehoje.com.br\/novoportal\/wp-json\/wp\/v2\/types\/post"}],"author":[{"embeddable":true,"href":"https:\/\/www.sudoestehoje.com.br\/novoportal\/wp-json\/wp\/v2\/users\/2"}],"replies":[{"embeddable":true,"href":"https:\/\/www.sudoestehoje.com.br\/novoportal\/wp-json\/wp\/v2\/comments?post=89227"}],"version-history":[{"count":2,"href":"https:\/\/www.sudoestehoje.com.br\/novoportal\/wp-json\/wp\/v2\/posts\/89227\/revisions"}],"predecessor-version":[{"id":89230,"href":"https:\/\/www.sudoestehoje.com.br\/novoportal\/wp-json\/wp\/v2\/posts\/89227\/revisions\/89230"}],"wp:featuredmedia":[{"embeddable":true,"href":"https:\/\/www.sudoestehoje.com.br\/novoportal\/wp-json\/wp\/v2\/media\/89228"}],"wp:attachment":[{"href":"https:\/\/www.sudoestehoje.com.br\/novoportal\/wp-json\/wp\/v2\/media?parent=89227"}],"wp:term":[{"taxonomy":"category","embeddable":true,"href":"https:\/\/www.sudoestehoje.com.br\/novoportal\/wp-json\/wp\/v2\/categories?post=89227"},{"taxonomy":"post_tag","embeddable":true,"href":"https:\/\/www.sudoestehoje.com.br\/novoportal\/wp-json\/wp\/v2\/tags?post=89227"}],"curies":[{"name":"wp","href":"https:\/\/api.w.org\/{rel}","templated":true}]}}