
{"id":89222,"date":"2020-08-22T23:46:56","date_gmt":"2020-08-23T02:46:56","guid":{"rendered":"https:\/\/www.sudoestehoje.com.br\/novoportal\/?p=89222"},"modified":"2020-08-23T00:02:22","modified_gmt":"2020-08-23T03:02:22","slug":"corpo-de-adolescente-que-afogou-na-praia-dos-artistas-e-encontrado-na-pituba","status":"publish","type":"post","link":"https:\/\/www.sudoestehoje.com.br\/novoportal\/2020\/08\/22\/corpo-de-adolescente-que-afogou-na-praia-dos-artistas-e-encontrado-na-pituba\/","title":{"rendered":"CORPO DE ADOLESCENTE QUE AFOGOU NA PRAIA DOS ARTISTAS \u00c9 ENCONTRADO NA PITUBA"},"content":{"rendered":"<p><a href=\"https:\/\/www.sudoestehoje.com.br\/novoportal\/wp-content\/uploads\/2020\/08\/AFOGADO-1-1.jpeg\"><img loading=\"lazy\" decoding=\"async\" class=\"aligncenter size-medium wp-image-89236\" src=\"https:\/\/www.sudoestehoje.com.br\/novoportal\/wp-content\/uploads\/2020\/08\/AFOGADO-1-1-500x265.jpeg\" alt=\"\" width=\"500\" height=\"265\" srcset=\"https:\/\/www.sudoestehoje.com.br\/novoportal\/wp-content\/uploads\/2020\/08\/AFOGADO-1-1-500x265.jpeg 500w, https:\/\/www.sudoestehoje.com.br\/novoportal\/wp-content\/uploads\/2020\/08\/AFOGADO-1-1-700x371.jpeg 700w, https:\/\/www.sudoestehoje.com.br\/novoportal\/wp-content\/uploads\/2020\/08\/AFOGADO-1-1-768x407.jpeg 768w, https:\/\/www.sudoestehoje.com.br\/novoportal\/wp-content\/uploads\/2020\/08\/AFOGADO-1-1.jpeg 1000w\" sizes=\"auto, (max-width: 500px) 100vw, 500px\" \/><\/a><\/p>\n<p>O corpo do adolescente de 14 anos que havia desaparecido na praia da Boca do Rio ap\u00f3s ter se afogado, foi encontrado na manh\u00e3 desta s\u00e1bado (22), na praia da Pituba, por um pescador.<\/p>\n<p>Ap\u00f3s jogar bola com amigos na praia, o jovem entrou no mar para tirar a areia e acabou se afogando.<\/p>\n<p>De acordo com informa\u00e7\u00f5es dos bombeiros, o corpo do adolescente foi reconhecido por familiares. Uma equipe do 13\u00b0 Grupamento de Bombeiros Militares (GBM\/Gmar) retirou o corpo da beira da praia e deixou num local seguro sob os cuidados da Pol\u00edcia que ficou respons\u00e1vel pela remo\u00e7\u00e3o e per\u00edcia.<\/p>\n","protected":false},"excerpt":{"rendered":"<p>O corpo do adolescente de 14 anos que havia desaparecido na praia da Boca do Rio ap\u00f3s ter se afogado, foi encontrado na manh\u00e3 desta s\u00e1bado (22), na praia da Pituba, por um pescador. Ap\u00f3s jogar bola com amigos na praia, o jovem entrou no mar para tirar a areia e acabou se afogando. De [&hellip;]<\/p>\n","protected":false},"author":2,"featured_media":89236,"comment_status":"open","ping_status":"open","sticky":false,"template":"","format":"standard","meta":{"footnotes":"","_links_to":"","_links_to_target":""},"categories":[1],"tags":[],"class_list":["post-89222","post","type-post","status-publish","format-standard","has-post-thumbnail","hentry","category-geral"],"views":882,"_links":{"self":[{"href":"https:\/\/www.sudoestehoje.com.br\/novoportal\/wp-json\/wp\/v2\/posts\/89222","targetHints":{"allow":["GET"]}}],"collection":[{"href":"https:\/\/www.sudoestehoje.com.br\/novoportal\/wp-json\/wp\/v2\/posts"}],"about":[{"href":"https:\/\/www.sudoestehoje.com.br\/novoportal\/wp-json\/wp\/v2\/types\/post"}],"author":[{"embeddable":true,"href":"https:\/\/www.sudoestehoje.com.br\/novoportal\/wp-json\/wp\/v2\/users\/2"}],"replies":[{"embeddable":true,"href":"https:\/\/www.sudoestehoje.com.br\/novoportal\/wp-json\/wp\/v2\/comments?post=89222"}],"version-history":[{"count":4,"href":"https:\/\/www.sudoestehoje.com.br\/novoportal\/wp-json\/wp\/v2\/posts\/89222\/revisions"}],"predecessor-version":[{"id":89237,"href":"https:\/\/www.sudoestehoje.com.br\/novoportal\/wp-json\/wp\/v2\/posts\/89222\/revisions\/89237"}],"wp:featuredmedia":[{"embeddable":true,"href":"https:\/\/www.sudoestehoje.com.br\/novoportal\/wp-json\/wp\/v2\/media\/89236"}],"wp:attachment":[{"href":"https:\/\/www.sudoestehoje.com.br\/novoportal\/wp-json\/wp\/v2\/media?parent=89222"}],"wp:term":[{"taxonomy":"category","embeddable":true,"href":"https:\/\/www.sudoestehoje.com.br\/novoportal\/wp-json\/wp\/v2\/categories?post=89222"},{"taxonomy":"post_tag","embeddable":true,"href":"https:\/\/www.sudoestehoje.com.br\/novoportal\/wp-json\/wp\/v2\/tags?post=89222"}],"curies":[{"name":"wp","href":"https:\/\/api.w.org\/{rel}","templated":true}]}}