
{"id":89204,"date":"2020-08-21T20:23:36","date_gmt":"2020-08-21T23:23:36","guid":{"rendered":"https:\/\/www.sudoestehoje.com.br\/novoportal\/?p=89204"},"modified":"2020-08-21T20:23:36","modified_gmt":"2020-08-21T23:23:36","slug":"itapetinga-neto-ferraz-deixa-cargo-na-comutran-para-disputar-vaga-na-camara","status":"publish","type":"post","link":"https:\/\/www.sudoestehoje.com.br\/novoportal\/2020\/08\/21\/itapetinga-neto-ferraz-deixa-cargo-na-comutran-para-disputar-vaga-na-camara\/","title":{"rendered":"ITAPETINGA: NETO FERRAZ DEIXA CARGO NA COMUTRAN PARA DISPUTAR VAGA NA C\u00c2MARA"},"content":{"rendered":"<p><a href=\"https:\/\/www.sudoestehoje.com.br\/novoportal\/wp-content\/uploads\/2020\/08\/NETO-FERRAZ-1.jpeg\"><img loading=\"lazy\" decoding=\"async\" class=\"aligncenter size-medium wp-image-89206\" src=\"https:\/\/www.sudoestehoje.com.br\/novoportal\/wp-content\/uploads\/2020\/08\/NETO-FERRAZ-1-500x237.jpeg\" alt=\"\" width=\"500\" height=\"237\" srcset=\"https:\/\/www.sudoestehoje.com.br\/novoportal\/wp-content\/uploads\/2020\/08\/NETO-FERRAZ-1-500x237.jpeg 500w, https:\/\/www.sudoestehoje.com.br\/novoportal\/wp-content\/uploads\/2020\/08\/NETO-FERRAZ-1-700x331.jpeg 700w, https:\/\/www.sudoestehoje.com.br\/novoportal\/wp-content\/uploads\/2020\/08\/NETO-FERRAZ-1-768x363.jpeg 768w, https:\/\/www.sudoestehoje.com.br\/novoportal\/wp-content\/uploads\/2020\/08\/NETO-FERRAZ-1-1536x727.jpeg 1536w, https:\/\/www.sudoestehoje.com.br\/novoportal\/wp-content\/uploads\/2020\/08\/NETO-FERRAZ-1.jpeg 1600w\" sizes=\"auto, (max-width: 500px) 100vw, 500px\" \/><\/a><\/p>\n<p>No \u00faltimo dia 14 de agosto, Antonio Ferraz Silva Neto, mais conhecido como Neto Ferraz, desligou- se da Chefia de Divis\u00e3o do DOFT -\u00b2 Divis\u00e3o Operacional e Fiscaliza\u00e7\u00e3o de Tr\u00e2nsito, cargo que exercia na COMUTRAN, para concorrer a uma cadeira na C\u00e2mara de Vereadores nas pr\u00f3ximas elei\u00e7\u00f5es.<\/p>\n<p>Neto esteve a frente do cargo por 2 anos e 4 meses. Durante todo o per\u00edodo em que trabalhou na referida fun\u00e7\u00e3o, Neto Ferraz p\u00f4de exercer suas atividades com muita responsabilidade e honestidade. Com car\u00e1ter excepcional, nunca houve motivos para que falassem do seu trabalho.<\/p>\n<p>Sempre tratando a todos com muita simpatia, carisma e empatia, Neto Ferraz deixou muita saudade entre os colegas e amigos de reparti\u00e7\u00e3o<\/p>\n<p><em>&#8220;Neto sempre foi muito respons\u00e1vel e competente com o seu trabalho. Muito amigo da gente aqui. Ele sempre teve um bom relacionamento com todo mundo e sempre tratou os colegas muito bem. Neto \u00e9 humano. Gente como a gente. Ele pensa muito no pr\u00f3ximo, se coloca no lugar do outro. Merece todo sucesso e tem o nosso apoio&#8221;<\/em>, disse Itamar Campos, agente de tr\u00e2nsito.<\/p>\n\n\t\t<style type=\"text\/css\">\n\t\t\t#gallery-1 {\n\t\t\t\tmargin: auto;\n\t\t\t}\n\t\t\t#gallery-1 .gallery-item {\n\t\t\t\tfloat: left;\n\t\t\t\tmargin-top: 10px;\n\t\t\t\ttext-align: center;\n\t\t\t\twidth: 33%;\n\t\t\t}\n\t\t\t#gallery-1 img {\n\t\t\t\tborder: 2px solid #cfcfcf;\n\t\t\t}\n\t\t\t#gallery-1 .gallery-caption {\n\t\t\t\tmargin-left: 0;\n\t\t\t}\n\t\t\t\/* see gallery_shortcode() in wp-includes\/media.php *\/\n\t\t<\/style>\n\t\t<div id='gallery-1' class='gallery galleryid-89204 gallery-columns-3 gallery-size-thumbnail'><dl class='gallery-item'>\n\t\t\t<dt class='gallery-icon portrait'>\n\t\t\t\t<a href='https:\/\/www.sudoestehoje.com.br\/novoportal\/2020\/08\/21\/itapetinga-neto-ferraz-deixa-cargo-na-comutran-para-disputar-vaga-na-camara\/neto-ferraz-3\/'><img loading=\"lazy\" decoding=\"async\" width=\"150\" height=\"150\" src=\"https:\/\/www.sudoestehoje.com.br\/novoportal\/wp-content\/uploads\/2020\/08\/NETO-FERRAZ-3-150x150.jpeg\" class=\"attachment-thumbnail size-thumbnail\" alt=\"\" \/><\/a>\n\t\t\t<\/dt><\/dl><dl class='gallery-item'>\n\t\t\t<dt class='gallery-icon landscape'>\n\t\t\t\t<a href='https:\/\/www.sudoestehoje.com.br\/novoportal\/2020\/08\/21\/itapetinga-neto-ferraz-deixa-cargo-na-comutran-para-disputar-vaga-na-camara\/neto-ferraz-2\/'><img loading=\"lazy\" decoding=\"async\" width=\"150\" height=\"150\" src=\"https:\/\/www.sudoestehoje.com.br\/novoportal\/wp-content\/uploads\/2020\/08\/NETO-FERRAZ-2-150x150.jpeg\" class=\"attachment-thumbnail size-thumbnail\" alt=\"\" \/><\/a>\n\t\t\t<\/dt><\/dl><dl class='gallery-item'>\n\t\t\t<dt class='gallery-icon landscape'>\n\t\t\t\t<a href='https:\/\/www.sudoestehoje.com.br\/novoportal\/2020\/08\/21\/itapetinga-neto-ferraz-deixa-cargo-na-comutran-para-disputar-vaga-na-camara\/neto-ferraz-1\/'><img loading=\"lazy\" decoding=\"async\" width=\"150\" height=\"150\" src=\"https:\/\/www.sudoestehoje.com.br\/novoportal\/wp-content\/uploads\/2020\/08\/NETO-FERRAZ-1-150x150.jpeg\" class=\"attachment-thumbnail size-thumbnail\" alt=\"\" \/><\/a>\n\t\t\t<\/dt><\/dl><br style=\"clear: both\" \/>\n\t\t<\/div>\n\n","protected":false},"excerpt":{"rendered":"<p>No \u00faltimo dia 14 de agosto, Antonio Ferraz Silva Neto, mais conhecido como Neto Ferraz, desligou- se da Chefia de Divis\u00e3o do DOFT -\u00b2 Divis\u00e3o Operacional e Fiscaliza\u00e7\u00e3o de Tr\u00e2nsito, cargo que exercia na COMUTRAN, para concorrer a uma cadeira na C\u00e2mara de Vereadores nas pr\u00f3ximas elei\u00e7\u00f5es. Neto esteve a frente do cargo por 2 [&hellip;]<\/p>\n","protected":false},"author":2,"featured_media":89206,"comment_status":"open","ping_status":"open","sticky":false,"template":"","format":"standard","meta":{"footnotes":"","_links_to":"","_links_to_target":""},"categories":[1],"tags":[],"class_list":["post-89204","post","type-post","status-publish","format-standard","has-post-thumbnail","hentry","category-geral"],"views":1469,"_links":{"self":[{"href":"https:\/\/www.sudoestehoje.com.br\/novoportal\/wp-json\/wp\/v2\/posts\/89204","targetHints":{"allow":["GET"]}}],"collection":[{"href":"https:\/\/www.sudoestehoje.com.br\/novoportal\/wp-json\/wp\/v2\/posts"}],"about":[{"href":"https:\/\/www.sudoestehoje.com.br\/novoportal\/wp-json\/wp\/v2\/types\/post"}],"author":[{"embeddable":true,"href":"https:\/\/www.sudoestehoje.com.br\/novoportal\/wp-json\/wp\/v2\/users\/2"}],"replies":[{"embeddable":true,"href":"https:\/\/www.sudoestehoje.com.br\/novoportal\/wp-json\/wp\/v2\/comments?post=89204"}],"version-history":[{"count":2,"href":"https:\/\/www.sudoestehoje.com.br\/novoportal\/wp-json\/wp\/v2\/posts\/89204\/revisions"}],"predecessor-version":[{"id":89210,"href":"https:\/\/www.sudoestehoje.com.br\/novoportal\/wp-json\/wp\/v2\/posts\/89204\/revisions\/89210"}],"wp:featuredmedia":[{"embeddable":true,"href":"https:\/\/www.sudoestehoje.com.br\/novoportal\/wp-json\/wp\/v2\/media\/89206"}],"wp:attachment":[{"href":"https:\/\/www.sudoestehoje.com.br\/novoportal\/wp-json\/wp\/v2\/media?parent=89204"}],"wp:term":[{"taxonomy":"category","embeddable":true,"href":"https:\/\/www.sudoestehoje.com.br\/novoportal\/wp-json\/wp\/v2\/categories?post=89204"},{"taxonomy":"post_tag","embeddable":true,"href":"https:\/\/www.sudoestehoje.com.br\/novoportal\/wp-json\/wp\/v2\/tags?post=89204"}],"curies":[{"name":"wp","href":"https:\/\/api.w.org\/{rel}","templated":true}]}}