
{"id":8917,"date":"2011-09-22T07:14:39","date_gmt":"2011-09-22T10:14:39","guid":{"rendered":"http:\/\/www.sudoestehoje.com.br\/novoportal\/?p=8917"},"modified":"2011-09-22T07:17:31","modified_gmt":"2011-09-22T10:17:31","slug":"camara-dos-deputados-rejeita-cpmf-disfarcada-de-css","status":"publish","type":"post","link":"https:\/\/www.sudoestehoje.com.br\/novoportal\/2011\/09\/22\/camara-dos-deputados-rejeita-cpmf-disfarcada-de-css\/","title":{"rendered":"C\u00c2MARA DOS DEPUTADOS REJEITA &#8216;CPMF&#8217; DISFAR\u00c7ADA DE CSS"},"content":{"rendered":"<p style=\"text-align: center;\"><img decoding=\"async\" class=\"aligncenter\" src=\"http:\/\/queroficarrico.com\/blog\/wp-content\/uploads\/2010\/11\/css-cpmf-300x208.jpg\" alt=\"\" width=\"400\" \/><\/p>\n<p>Entrou em debate nacional, nas \u00faltimas semanas, a possibilidade de re-cria\u00e7\u00e3o da Contribui\u00e7\u00e3o Provis\u00f3ria sobre Movimenta\u00e7\u00e3o Financeira (CPMF), agora disfar\u00e7ada sobre a alcunha de Contribui\u00e7\u00e3o Social da Sa\u00fade (CSS). O &#8220;novo&#8221; tributo teria por finalidade o incremento do aporte financeiro em favor das pol\u00edticas de sa\u00fade.<\/p>\n<p>Entretanto, por expressiva maioria \u2013355 votos a 76\u2014 a c\u00e2mara federal n\u00e3o aprovou a nova contribui\u00e7\u00e3o, na sess\u00e3o desta quarta-feira. Houve quatro absten\u00e7\u00f5es. Com essa vota\u00e7\u00e3o, concluiu-se o processo de tramita\u00e7\u00e3o do projeto que regulamenta os investimentos em sa\u00fade p\u00fablica. A proposta j\u00e1 havia sido votada e aprovada em 2008. Restava apenas a an\u00e1lise de um \u201cdestaque\u201d apresentado pelo DEM. Um \u201cdestaque\u201d que exclu\u00eda do texto a base de c\u00e1lculo da CSS, inviabilizando a cobran\u00e7a do tributo. Aprovada a emenda do DEM, o projeto sera agora devolvido ao Senado, onde havia sido aprovado por unanimidade, tamb\u00e9m em 2008. Junto com a proposta, vai ao Senado o debate sobre as fontes adicionais para o financiamento da sa\u00fade.<\/p>\n","protected":false},"excerpt":{"rendered":"<p>Entrou em debate nacional, nas \u00faltimas semanas, a possibilidade de re-cria\u00e7\u00e3o da Contribui\u00e7\u00e3o Provis\u00f3ria sobre Movimenta\u00e7\u00e3o Financeira (CPMF), agora disfar\u00e7ada sobre a alcunha de Contribui\u00e7\u00e3o Social da Sa\u00fade (CSS). O &#8220;novo&#8221; tributo teria por finalidade o incremento do aporte financeiro em favor das pol\u00edticas de sa\u00fade. Entretanto, por expressiva maioria \u2013355 votos a 76\u2014 a [&hellip;]<\/p>\n","protected":false},"author":2,"featured_media":0,"comment_status":"open","ping_status":"open","sticky":false,"template":"","format":"standard","meta":{"footnotes":"","_links_to":"","_links_to_target":""},"categories":[1],"tags":[],"class_list":["post-8917","post","type-post","status-publish","format-standard","hentry","category-geral"],"views":1077,"_links":{"self":[{"href":"https:\/\/www.sudoestehoje.com.br\/novoportal\/wp-json\/wp\/v2\/posts\/8917","targetHints":{"allow":["GET"]}}],"collection":[{"href":"https:\/\/www.sudoestehoje.com.br\/novoportal\/wp-json\/wp\/v2\/posts"}],"about":[{"href":"https:\/\/www.sudoestehoje.com.br\/novoportal\/wp-json\/wp\/v2\/types\/post"}],"author":[{"embeddable":true,"href":"https:\/\/www.sudoestehoje.com.br\/novoportal\/wp-json\/wp\/v2\/users\/2"}],"replies":[{"embeddable":true,"href":"https:\/\/www.sudoestehoje.com.br\/novoportal\/wp-json\/wp\/v2\/comments?post=8917"}],"version-history":[{"count":6,"href":"https:\/\/www.sudoestehoje.com.br\/novoportal\/wp-json\/wp\/v2\/posts\/8917\/revisions"}],"predecessor-version":[{"id":8922,"href":"https:\/\/www.sudoestehoje.com.br\/novoportal\/wp-json\/wp\/v2\/posts\/8917\/revisions\/8922"}],"wp:attachment":[{"href":"https:\/\/www.sudoestehoje.com.br\/novoportal\/wp-json\/wp\/v2\/media?parent=8917"}],"wp:term":[{"taxonomy":"category","embeddable":true,"href":"https:\/\/www.sudoestehoje.com.br\/novoportal\/wp-json\/wp\/v2\/categories?post=8917"},{"taxonomy":"post_tag","embeddable":true,"href":"https:\/\/www.sudoestehoje.com.br\/novoportal\/wp-json\/wp\/v2\/tags?post=8917"}],"curies":[{"name":"wp","href":"https:\/\/api.w.org\/{rel}","templated":true}]}}