
{"id":89129,"date":"2020-08-18T13:43:12","date_gmt":"2020-08-18T16:43:12","guid":{"rendered":"https:\/\/www.sudoestehoje.com.br\/novoportal\/?p=89129"},"modified":"2020-08-18T13:43:12","modified_gmt":"2020-08-18T16:43:12","slug":"visita-de-rui-a-itambe-nao-deu-aglomeracao","status":"publish","type":"post","link":"https:\/\/www.sudoestehoje.com.br\/novoportal\/2020\/08\/18\/visita-de-rui-a-itambe-nao-deu-aglomeracao\/","title":{"rendered":"VISITA DE RUI A ITAMB\u00c9 N\u00c3O DEU AGLOMERA\u00c7\u00c3O"},"content":{"rendered":"<p><a href=\"https:\/\/www.sudoestehoje.com.br\/novoportal\/wp-content\/uploads\/2020\/08\/rui-itambe.jpeg\"><img loading=\"lazy\" decoding=\"async\" class=\"aligncenter size-medium wp-image-89131\" src=\"https:\/\/www.sudoestehoje.com.br\/novoportal\/wp-content\/uploads\/2020\/08\/rui-itambe-500x374.jpeg\" alt=\"\" width=\"500\" height=\"374\" srcset=\"https:\/\/www.sudoestehoje.com.br\/novoportal\/wp-content\/uploads\/2020\/08\/rui-itambe-500x374.jpeg 500w, https:\/\/www.sudoestehoje.com.br\/novoportal\/wp-content\/uploads\/2020\/08\/rui-itambe-700x523.jpeg 700w, https:\/\/www.sudoestehoje.com.br\/novoportal\/wp-content\/uploads\/2020\/08\/rui-itambe.jpeg 720w\" sizes=\"auto, (max-width: 500px) 100vw, 500px\" \/><\/a><\/p>\n<p>A t\u00e3o esperada visita do governador Rui Costa a Itamb\u00e9, no sudoeste, acabou acontecendo ap\u00f3s sucessivos adiamentos, por &#8216;raz\u00f5es superiores&#8217;.<\/p>\n<p>Rui chegou em Itamb\u00e9 de helic\u00f3ptero, na manh\u00e3 desta ter\u00e7a-feira (18) e fez um r\u00e1pido discurso de inaugura\u00e7\u00e3o de um trecho recuperado na rodovia que liga a Ribeir\u00e3o do Largo, munic\u00edpio vizinho, retornando imediatamente para Salvador.<\/p>\n<p>A novidade no evento \u00e9 que <em><strong>n\u00e3o houve aglomera\u00e7\u00e3o de pessoas<\/strong><\/em> no local.<\/p>\n<p><strong><em>Por Davi Ferraz<\/em><\/strong><\/p>\n","protected":false},"excerpt":{"rendered":"<p>A t\u00e3o esperada visita do governador Rui Costa a Itamb\u00e9, no sudoeste, acabou acontecendo ap\u00f3s sucessivos adiamentos, por &#8216;raz\u00f5es superiores&#8217;. Rui chegou em Itamb\u00e9 de helic\u00f3ptero, na manh\u00e3 desta ter\u00e7a-feira (18) e fez um r\u00e1pido discurso de inaugura\u00e7\u00e3o de um trecho recuperado na rodovia que liga a Ribeir\u00e3o do Largo, munic\u00edpio vizinho, retornando imediatamente para [&hellip;]<\/p>\n","protected":false},"author":2,"featured_media":89131,"comment_status":"open","ping_status":"open","sticky":false,"template":"","format":"standard","meta":{"footnotes":"","_links_to":"","_links_to_target":""},"categories":[1],"tags":[],"class_list":["post-89129","post","type-post","status-publish","format-standard","has-post-thumbnail","hentry","category-geral"],"views":1516,"_links":{"self":[{"href":"https:\/\/www.sudoestehoje.com.br\/novoportal\/wp-json\/wp\/v2\/posts\/89129","targetHints":{"allow":["GET"]}}],"collection":[{"href":"https:\/\/www.sudoestehoje.com.br\/novoportal\/wp-json\/wp\/v2\/posts"}],"about":[{"href":"https:\/\/www.sudoestehoje.com.br\/novoportal\/wp-json\/wp\/v2\/types\/post"}],"author":[{"embeddable":true,"href":"https:\/\/www.sudoestehoje.com.br\/novoportal\/wp-json\/wp\/v2\/users\/2"}],"replies":[{"embeddable":true,"href":"https:\/\/www.sudoestehoje.com.br\/novoportal\/wp-json\/wp\/v2\/comments?post=89129"}],"version-history":[{"count":2,"href":"https:\/\/www.sudoestehoje.com.br\/novoportal\/wp-json\/wp\/v2\/posts\/89129\/revisions"}],"predecessor-version":[{"id":89132,"href":"https:\/\/www.sudoestehoje.com.br\/novoportal\/wp-json\/wp\/v2\/posts\/89129\/revisions\/89132"}],"wp:featuredmedia":[{"embeddable":true,"href":"https:\/\/www.sudoestehoje.com.br\/novoportal\/wp-json\/wp\/v2\/media\/89131"}],"wp:attachment":[{"href":"https:\/\/www.sudoestehoje.com.br\/novoportal\/wp-json\/wp\/v2\/media?parent=89129"}],"wp:term":[{"taxonomy":"category","embeddable":true,"href":"https:\/\/www.sudoestehoje.com.br\/novoportal\/wp-json\/wp\/v2\/categories?post=89129"},{"taxonomy":"post_tag","embeddable":true,"href":"https:\/\/www.sudoestehoje.com.br\/novoportal\/wp-json\/wp\/v2\/tags?post=89129"}],"curies":[{"name":"wp","href":"https:\/\/api.w.org\/{rel}","templated":true}]}}