
{"id":89125,"date":"2020-08-18T12:32:24","date_gmt":"2020-08-18T15:32:24","guid":{"rendered":"https:\/\/www.sudoestehoje.com.br\/novoportal\/?p=89125"},"modified":"2020-08-18T12:32:24","modified_gmt":"2020-08-18T15:32:24","slug":"funcionarios-dos-correios-entram-em-greve-em-todo-o-pais-por-prazo-indeterminado","status":"publish","type":"post","link":"https:\/\/www.sudoestehoje.com.br\/novoportal\/2020\/08\/18\/funcionarios-dos-correios-entram-em-greve-em-todo-o-pais-por-prazo-indeterminado\/","title":{"rendered":"FUNCION\u00c1RIOS DOS CORREIOS ENTRAM EM GREVE EM TODO O PA\u00cdS POR PRAZO INDETERMINADO"},"content":{"rendered":"<p><a href=\"https:\/\/www.sudoestehoje.com.br\/novoportal\/wp-content\/uploads\/2020\/08\/GREVE-CORREIOS.jpg\"><img loading=\"lazy\" decoding=\"async\" class=\"aligncenter size-medium wp-image-89127\" src=\"https:\/\/www.sudoestehoje.com.br\/novoportal\/wp-content\/uploads\/2020\/08\/GREVE-CORREIOS-500x281.jpg\" alt=\"\" width=\"500\" height=\"281\" srcset=\"https:\/\/www.sudoestehoje.com.br\/novoportal\/wp-content\/uploads\/2020\/08\/GREVE-CORREIOS-500x281.jpg 500w, https:\/\/www.sudoestehoje.com.br\/novoportal\/wp-content\/uploads\/2020\/08\/GREVE-CORREIOS-700x394.jpg 700w, https:\/\/www.sudoestehoje.com.br\/novoportal\/wp-content\/uploads\/2020\/08\/GREVE-CORREIOS-768x432.jpg 768w, https:\/\/www.sudoestehoje.com.br\/novoportal\/wp-content\/uploads\/2020\/08\/GREVE-CORREIOS.jpg 900w\" sizes=\"auto, (max-width: 500px) 100vw, 500px\" \/><\/a><\/p>\n<p>Os sindicatos dos trabalhadores dos Correios decidiram nesta segunda-feira (17) decretar greve por tempo indeterminado j\u00e1 que n\u00e3o houve acordo na proposta de reajuste salarial em curso.<\/p>\n<p>A avalia\u00e7\u00e3o dos funcion\u00e1rios \u00e9 que a greve precisa acontecer para que os direitos dos trabalhadores sejam mantidos. Eles tamb\u00e9m se colocam contra a privatiza\u00e7\u00e3o da estatal.<\/p>\n<p>Por meio de sua assessoria, os Correios informaram que est\u00e3o cientes do estado de greve nos estados do Amap\u00e1, Bahia, Esp\u00edrito Santo, Minas Gerais, Paran\u00e1, Piau\u00ed, Rio de Janeiro, al\u00e9m dos munic\u00edpios de Santos (SP) e no Vale do Para\u00edba (SP) e em Bras\u00edlia.<\/p>\n","protected":false},"excerpt":{"rendered":"<p>Os sindicatos dos trabalhadores dos Correios decidiram nesta segunda-feira (17) decretar greve por tempo indeterminado j\u00e1 que n\u00e3o houve acordo na proposta de reajuste salarial em curso. A avalia\u00e7\u00e3o dos funcion\u00e1rios \u00e9 que a greve precisa acontecer para que os direitos dos trabalhadores sejam mantidos. Eles tamb\u00e9m se colocam contra a privatiza\u00e7\u00e3o da estatal. Por [&hellip;]<\/p>\n","protected":false},"author":2,"featured_media":89127,"comment_status":"open","ping_status":"open","sticky":false,"template":"","format":"standard","meta":{"footnotes":"","_links_to":"","_links_to_target":""},"categories":[1],"tags":[],"class_list":["post-89125","post","type-post","status-publish","format-standard","has-post-thumbnail","hentry","category-geral"],"views":909,"_links":{"self":[{"href":"https:\/\/www.sudoestehoje.com.br\/novoportal\/wp-json\/wp\/v2\/posts\/89125","targetHints":{"allow":["GET"]}}],"collection":[{"href":"https:\/\/www.sudoestehoje.com.br\/novoportal\/wp-json\/wp\/v2\/posts"}],"about":[{"href":"https:\/\/www.sudoestehoje.com.br\/novoportal\/wp-json\/wp\/v2\/types\/post"}],"author":[{"embeddable":true,"href":"https:\/\/www.sudoestehoje.com.br\/novoportal\/wp-json\/wp\/v2\/users\/2"}],"replies":[{"embeddable":true,"href":"https:\/\/www.sudoestehoje.com.br\/novoportal\/wp-json\/wp\/v2\/comments?post=89125"}],"version-history":[{"count":2,"href":"https:\/\/www.sudoestehoje.com.br\/novoportal\/wp-json\/wp\/v2\/posts\/89125\/revisions"}],"predecessor-version":[{"id":89128,"href":"https:\/\/www.sudoestehoje.com.br\/novoportal\/wp-json\/wp\/v2\/posts\/89125\/revisions\/89128"}],"wp:featuredmedia":[{"embeddable":true,"href":"https:\/\/www.sudoestehoje.com.br\/novoportal\/wp-json\/wp\/v2\/media\/89127"}],"wp:attachment":[{"href":"https:\/\/www.sudoestehoje.com.br\/novoportal\/wp-json\/wp\/v2\/media?parent=89125"}],"wp:term":[{"taxonomy":"category","embeddable":true,"href":"https:\/\/www.sudoestehoje.com.br\/novoportal\/wp-json\/wp\/v2\/categories?post=89125"},{"taxonomy":"post_tag","embeddable":true,"href":"https:\/\/www.sudoestehoje.com.br\/novoportal\/wp-json\/wp\/v2\/tags?post=89125"}],"curies":[{"name":"wp","href":"https:\/\/api.w.org\/{rel}","templated":true}]}}